{"id":989,"date":"2023-09-09T19:26:16","date_gmt":"2023-09-09T19:26:16","guid":{"rendered":"https:\/\/parafiajozwikow.pl\/?p=989"},"modified":"2023-09-09T19:32:11","modified_gmt":"2023-09-09T19:32:11","slug":"intencje-mszalne-11-17-09-2023","status":"publish","type":"post","link":"https:\/\/parafiajozwikow.pl\/index.php\/2023\/09\/09\/intencje-mszalne-11-17-09-2023\/","title":{"rendered":"Intencje mszalne 11-17.09.2023"},"content":{"rendered":"\t\t<div data-elementor-type=\"wp-post\" data-elementor-id=\"989\" class=\"elementor elementor-989\">\n\t\t\t\t\t\t<section class=\"elementor-section elementor-top-section elementor-element elementor-element-97bf9ce elementor-section-boxed elementor-section-height-default elementor-section-height-default\" data-id=\"97bf9ce\" data-element_type=\"section\" data-e-type=\"section\">\n\t\t\t\t\t\t<div class=\"elementor-container elementor-column-gap-default\">\n\t\t\t\t\t<div class=\"elementor-column elementor-col-100 elementor-top-column elementor-element elementor-element-f0c5cae\" data-id=\"f0c5cae\" data-element_type=\"column\" data-e-type=\"column\">\n\t\t\t<div class=\"elementor-widget-wrap elementor-element-populated\">\n\t\t\t\t\t\t<div class=\"elementor-element elementor-element-7d513a0 elementor-widget elementor-widget-text-editor\" data-id=\"7d513a0\" data-element_type=\"widget\" data-e-type=\"widget\" data-widget_type=\"text-editor.default\">\n\t\t\t\t<div class=\"elementor-widget-container\">\n\t\t\t\t\t\t\t\t\t<h6>PONIEDZIA\u0141EK 11.09.23r.<\/h6><p><strong>Godzina 16.30.\u00a0<\/strong>Brak intencji.<\/p><h6>WTOREK 12.09.23r.<\/h6><p><strong>Godzina 08.30.<\/strong> Brak intencji.<\/p><h6>\u015aRODA 13.09.23r. \u015bw. Jana Chryzostoma<\/h6><p><strong>Godzina 16.30.<\/strong> + Ann\u0119 Antoniego Lamentowicz\u00f3w, Czes\u0142awa My\u015bliwca,<br \/>Stanis\u0142aw\u0119 Tadeusza Janus.<br \/>Nowenna do MB Nieustaj\u0105cej Pomocy.<\/p><h6><br \/>CZWARTEK 14.09.23r. \u015awi\u0119to Podwy\u017cszenia Krzy\u017ca \u015aw.<\/h6><p><strong>Godzina 08.30.<\/strong> Za Parafian Dobrodziej\u00f3w i Sympatyk\u00f3w.<\/p><h6>PI\u0104TEK 15.09.23r. NMP Bolesnej<\/h6><p><strong>Godzina 16.30.\u00a0\u00a0<\/strong>Brak intencji.<\/p><h6>SOBOTA 6.09.23r. \u015aw. Korneliusza i Cypriana<\/h6><p><strong>Godzina 08.30.<\/strong> Brak intencji.<\/p><h6>XXIV NIEDZIELA Zwyk\u0142a 17.09.2023r.<\/h6><p><strong>Godzina 09.00.<\/strong> + Stefana Mazura, zm. z rodz. Mazur\u00f3w.<br \/><strong>Godzina 12.00.<\/strong> + Sabin\u0119 Bia\u0142\u0105 \u2013 od wnuczki Joanny z rodzin\u0105.<\/p>\t\t\t\t\t\t\t\t<\/div>\n\t\t\t\t<\/div>\n\t\t\t\t\t<\/div>\n\t\t<\/div>\n\t\t\t\t\t<\/div>\n\t\t<\/section>\n\t\t\t\t<\/div>\n\t\t","protected":false},"excerpt":{"rendered":"<p>PONIEDZIA\u0141EK 11.09.23r. Godzina 16.30.\u00a0Brak intencji. WTOREK 12.09.23r. Godzina 08.30. Brak intencji. \u015aRODA 13.09.23r. \u015bw. Jana Chryzostoma Godzina 16.30. + Ann\u0119 Antoniego Lamentowicz\u00f3w, Czes\u0142awa My\u015bliwca,Stanis\u0142aw\u0119 Tadeusza Janus.Nowenna do MB Nieustaj\u0105cej Pomocy. CZWARTEK 14.09.23r. \u015awi\u0119to Podwy\u017cszenia Krzy\u017ca \u015aw. Godzina 08.30. Za Parafian Dobrodziej\u00f3w i Sympatyk\u00f3w. PI\u0104TEK 15.09.23r. NMP Bolesnej Godzina 16.30.\u00a0\u00a0Brak intencji. SOBOTA 6.09.23r. \u015aw. Korneliusza i [&hellip;]<\/p>\n","protected":false},"author":1,"featured_media":0,"comment_status":"closed","ping_status":"open","sticky":false,"template":"","format":"standard","meta":{"site-sidebar-layout":"default","site-content-layout":"","ast-site-content-layout":"default","site-content-style":"default","site-sidebar-style":"default","ast-global-header-display":"","ast-banner-title-visibility":"","ast-main-header-display":"","ast-hfb-above-header-display":"","ast-hfb-below-header-display":"","ast-hfb-mobile-header-display":"","site-post-title":"","ast-breadcrumbs-content":"","ast-featured-img":"","footer-sml-layout":"","ast-disable-related-posts":"","theme-transparent-header-meta":"","adv-header-id-meta":"","stick-header-meta":"","header-above-stick-meta":"","header-main-stick-meta":"","header-below-stick-meta":"","astra-migrate-meta-layouts":"set","ast-page-background-enabled":"default","ast-page-background-meta":{"desktop":{"background-color":"var(--ast-global-color-4)","background-image":"","background-repeat":"repeat","background-position":"center center","background-size":"auto","background-attachment":"scroll","background-type":"","background-media":"","overlay-type":"","overlay-color":"","overlay-opacity":"","overlay-gradient":""},"tablet":{"background-color":"","background-image":"","background-repeat":"repeat","background-position":"center center","background-size":"auto","background-attachment":"scroll","background-type":"","background-media":"","overlay-type":"","overlay-color":"","overlay-opacity":"","overlay-gradient":""},"mobile":{"background-color":"","background-image":"","background-repeat":"repeat","background-position":"center center","background-size":"auto","background-attachment":"scroll","background-type":"","background-media":"","overlay-type":"","overlay-color":"","overlay-opacity":"","overlay-gradient":""}},"ast-content-background-meta":{"desktop":{"background-color":"var(--ast-global-color-5)","background-image":"","background-repeat":"repeat","background-position":"center center","background-size":"auto","background-attachment":"scroll","background-type":"","background-media":"","overlay-type":"","overlay-color":"","overlay-opacity":"","overlay-gradient":""},"tablet":{"background-color":"var(--ast-global-color-5)","background-image":"","background-repeat":"repeat","background-position":"center center","background-size":"auto","background-attachment":"scroll","background-type":"","background-media":"","overlay-type":"","overlay-color":"","overlay-opacity":"","overlay-gradient":""},"mobile":{"background-color":"var(--ast-global-color-5)","background-image":"","background-repeat":"repeat","background-position":"center center","background-size":"auto","background-attachment":"scroll","background-type":"","background-media":"","overlay-type":"","overlay-color":"","overlay-opacity":"","overlay-gradient":""}},"footnotes":""},"categories":[7],"tags":[],"class_list":["post-989","post","type-post","status-publish","format-standard","hentry","category-intencje"],"yoast_head":"<!-- This site is optimized with the Yoast SEO plugin v27.4 - https:\/\/yoast.com\/product\/yoast-seo-wordpress\/ -->\n<title>Intencje mszalne 11-17.09.2023 - Parafia pw. MB Nieustaj\u0105cej Pomocy w J\u00f3\u017awikowie<\/title>\n<meta name=\"robots\" content=\"index, follow, max-snippet:-1, max-image-preview:large, max-video-preview:-1\" \/>\n<link rel=\"canonical\" href=\"https:\/\/parafiajozwikow.pl\/index.php\/2023\/09\/09\/intencje-mszalne-11-17-09-2023\/\" \/>\n<meta property=\"og:locale\" content=\"pl_PL\" \/>\n<meta property=\"og:type\" content=\"article\" \/>\n<meta property=\"og:title\" content=\"Intencje mszalne 11-17.09.2023 - Parafia pw. MB Nieustaj\u0105cej Pomocy w J\u00f3\u017awikowie\" \/>\n<meta property=\"og:description\" content=\"PONIEDZIA\u0141EK 11.09.23r. Godzina 16.30.\u00a0Brak intencji. WTOREK 12.09.23r. Godzina 08.30. Brak intencji. \u015aRODA 13.09.23r. \u015bw. Jana Chryzostoma Godzina 16.30. + Ann\u0119 Antoniego Lamentowicz\u00f3w, Czes\u0142awa My\u015bliwca,Stanis\u0142aw\u0119 Tadeusza Janus.Nowenna do MB Nieustaj\u0105cej Pomocy. CZWARTEK 14.09.23r. \u015awi\u0119to Podwy\u017cszenia Krzy\u017ca \u015aw. Godzina 08.30. Za Parafian Dobrodziej\u00f3w i Sympatyk\u00f3w. PI\u0104TEK 15.09.23r. NMP Bolesnej Godzina 16.30.\u00a0\u00a0Brak intencji. SOBOTA 6.09.23r. \u015aw. Korneliusza i [&hellip;]\" \/>\n<meta property=\"og:url\" content=\"https:\/\/parafiajozwikow.pl\/index.php\/2023\/09\/09\/intencje-mszalne-11-17-09-2023\/\" \/>\n<meta property=\"og:site_name\" content=\"Parafia pw. MB Nieustaj\u0105cej Pomocy w J\u00f3\u017awikowie\" \/>\n<meta property=\"article:published_time\" content=\"2023-09-09T19:26:16+00:00\" \/>\n<meta property=\"article:modified_time\" content=\"2023-09-09T19:32:11+00:00\" \/>\n<meta name=\"author\" content=\"Parafia31\" \/>\n<meta name=\"twitter:card\" content=\"summary_large_image\" \/>\n<meta name=\"twitter:label1\" content=\"Napisane przez\" \/>\n\t<meta name=\"twitter:data1\" content=\"Parafia31\" \/>\n\t<meta name=\"twitter:label2\" content=\"Szacowany czas czytania\" \/>\n\t<meta name=\"twitter:data2\" content=\"1 minuta\" \/>\n<script type=\"application\/ld+json\" class=\"yoast-schema-graph\">{\"@context\":\"https:\\\/\\\/schema.org\",\"@graph\":[{\"@type\":\"Article\",\"@id\":\"https:\\\/\\\/parafiajozwikow.pl\\\/index.php\\\/2023\\\/09\\\/09\\\/intencje-mszalne-11-17-09-2023\\\/#article\",\"isPartOf\":{\"@id\":\"https:\\\/\\\/parafiajozwikow.pl\\\/index.php\\\/2023\\\/09\\\/09\\\/intencje-mszalne-11-17-09-2023\\\/\"},\"author\":{\"name\":\"Parafia31\",\"@id\":\"https:\\\/\\\/parafiajozwikow.pl\\\/#\\\/schema\\\/person\\\/e7f3d7fb6e7074647ae54aa7c502ab68\"},\"headline\":\"Intencje mszalne 11-17.09.2023\",\"datePublished\":\"2023-09-09T19:26:16+00:00\",\"dateModified\":\"2023-09-09T19:32:11+00:00\",\"mainEntityOfPage\":{\"@id\":\"https:\\\/\\\/parafiajozwikow.pl\\\/index.php\\\/2023\\\/09\\\/09\\\/intencje-mszalne-11-17-09-2023\\\/\"},\"wordCount\":93,\"articleSection\":[\"Intencje\"],\"inLanguage\":\"pl-PL\"},{\"@type\":\"WebPage\",\"@id\":\"https:\\\/\\\/parafiajozwikow.pl\\\/index.php\\\/2023\\\/09\\\/09\\\/intencje-mszalne-11-17-09-2023\\\/\",\"url\":\"https:\\\/\\\/parafiajozwikow.pl\\\/index.php\\\/2023\\\/09\\\/09\\\/intencje-mszalne-11-17-09-2023\\\/\",\"name\":\"Intencje mszalne 11-17.09.2023 - Parafia pw. MB Nieustaj\u0105cej Pomocy w J\u00f3\u017awikowie\",\"isPartOf\":{\"@id\":\"https:\\\/\\\/parafiajozwikow.pl\\\/#website\"},\"datePublished\":\"2023-09-09T19:26:16+00:00\",\"dateModified\":\"2023-09-09T19:32:11+00:00\",\"author\":{\"@id\":\"https:\\\/\\\/parafiajozwikow.pl\\\/#\\\/schema\\\/person\\\/e7f3d7fb6e7074647ae54aa7c502ab68\"},\"breadcrumb\":{\"@id\":\"https:\\\/\\\/parafiajozwikow.pl\\\/index.php\\\/2023\\\/09\\\/09\\\/intencje-mszalne-11-17-09-2023\\\/#breadcrumb\"},\"inLanguage\":\"pl-PL\",\"potentialAction\":[{\"@type\":\"ReadAction\",\"target\":[\"https:\\\/\\\/parafiajozwikow.pl\\\/index.php\\\/2023\\\/09\\\/09\\\/intencje-mszalne-11-17-09-2023\\\/\"]}]},{\"@type\":\"BreadcrumbList\",\"@id\":\"https:\\\/\\\/parafiajozwikow.pl\\\/index.php\\\/2023\\\/09\\\/09\\\/intencje-mszalne-11-17-09-2023\\\/#breadcrumb\",\"itemListElement\":[{\"@type\":\"ListItem\",\"position\":1,\"name\":\"Strona g\u0142\u00f3wna\",\"item\":\"https:\\\/\\\/parafiajozwikow.pl\\\/\"},{\"@type\":\"ListItem\",\"position\":2,\"name\":\"Intencje mszalne 11-17.09.2023\"}]},{\"@type\":\"WebSite\",\"@id\":\"https:\\\/\\\/parafiajozwikow.pl\\\/#website\",\"url\":\"https:\\\/\\\/parafiajozwikow.pl\\\/\",\"name\":\"Parafia pw. MB Nieustaj\u0105cej Pomocy w J\u00f3\u017awikowie\",\"description\":\"\",\"potentialAction\":[{\"@type\":\"SearchAction\",\"target\":{\"@type\":\"EntryPoint\",\"urlTemplate\":\"https:\\\/\\\/parafiajozwikow.pl\\\/?s={search_term_string}\"},\"query-input\":{\"@type\":\"PropertyValueSpecification\",\"valueRequired\":true,\"valueName\":\"search_term_string\"}}],\"inLanguage\":\"pl-PL\"},{\"@type\":\"Person\",\"@id\":\"https:\\\/\\\/parafiajozwikow.pl\\\/#\\\/schema\\\/person\\\/e7f3d7fb6e7074647ae54aa7c502ab68\",\"name\":\"Parafia31\",\"image\":{\"@type\":\"ImageObject\",\"inLanguage\":\"pl-PL\",\"@id\":\"https:\\\/\\\/secure.gravatar.com\\\/avatar\\\/c037a6915792c85653487888df401463264c2c5701ceb484fd9c9f363c7d9964?s=96&d=mm&r=g\",\"url\":\"https:\\\/\\\/secure.gravatar.com\\\/avatar\\\/c037a6915792c85653487888df401463264c2c5701ceb484fd9c9f363c7d9964?s=96&d=mm&r=g\",\"contentUrl\":\"https:\\\/\\\/secure.gravatar.com\\\/avatar\\\/c037a6915792c85653487888df401463264c2c5701ceb484fd9c9f363c7d9964?s=96&d=mm&r=g\",\"caption\":\"Parafia31\"},\"sameAs\":[\"http:\\\/\\\/parafiajozwikow.pl\"],\"url\":\"https:\\\/\\\/parafiajozwikow.pl\\\/index.php\\\/author\\\/parafia31\\\/\"}]}<\/script>\n<!-- \/ Yoast SEO plugin. -->","yoast_head_json":{"title":"Intencje mszalne 11-17.09.2023 - Parafia pw. MB Nieustaj\u0105cej Pomocy w J\u00f3\u017awikowie","robots":{"index":"index","follow":"follow","max-snippet":"max-snippet:-1","max-image-preview":"max-image-preview:large","max-video-preview":"max-video-preview:-1"},"canonical":"https:\/\/parafiajozwikow.pl\/index.php\/2023\/09\/09\/intencje-mszalne-11-17-09-2023\/","og_locale":"pl_PL","og_type":"article","og_title":"Intencje mszalne 11-17.09.2023 - Parafia pw. MB Nieustaj\u0105cej Pomocy w J\u00f3\u017awikowie","og_description":"PONIEDZIA\u0141EK 11.09.23r. Godzina 16.30.\u00a0Brak intencji. WTOREK 12.09.23r. Godzina 08.30. Brak intencji. \u015aRODA 13.09.23r. \u015bw. Jana Chryzostoma Godzina 16.30. + Ann\u0119 Antoniego Lamentowicz\u00f3w, Czes\u0142awa My\u015bliwca,Stanis\u0142aw\u0119 Tadeusza Janus.Nowenna do MB Nieustaj\u0105cej Pomocy. CZWARTEK 14.09.23r. \u015awi\u0119to Podwy\u017cszenia Krzy\u017ca \u015aw. Godzina 08.30. Za Parafian Dobrodziej\u00f3w i Sympatyk\u00f3w. PI\u0104TEK 15.09.23r. NMP Bolesnej Godzina 16.30.\u00a0\u00a0Brak intencji. SOBOTA 6.09.23r. \u015aw. Korneliusza i [&hellip;]","og_url":"https:\/\/parafiajozwikow.pl\/index.php\/2023\/09\/09\/intencje-mszalne-11-17-09-2023\/","og_site_name":"Parafia pw. MB Nieustaj\u0105cej Pomocy w J\u00f3\u017awikowie","article_published_time":"2023-09-09T19:26:16+00:00","article_modified_time":"2023-09-09T19:32:11+00:00","author":"Parafia31","twitter_card":"summary_large_image","twitter_misc":{"Napisane przez":"Parafia31","Szacowany czas czytania":"1 minuta"},"schema":{"@context":"https:\/\/schema.org","@graph":[{"@type":"Article","@id":"https:\/\/parafiajozwikow.pl\/index.php\/2023\/09\/09\/intencje-mszalne-11-17-09-2023\/#article","isPartOf":{"@id":"https:\/\/parafiajozwikow.pl\/index.php\/2023\/09\/09\/intencje-mszalne-11-17-09-2023\/"},"author":{"name":"Parafia31","@id":"https:\/\/parafiajozwikow.pl\/#\/schema\/person\/e7f3d7fb6e7074647ae54aa7c502ab68"},"headline":"Intencje mszalne 11-17.09.2023","datePublished":"2023-09-09T19:26:16+00:00","dateModified":"2023-09-09T19:32:11+00:00","mainEntityOfPage":{"@id":"https:\/\/parafiajozwikow.pl\/index.php\/2023\/09\/09\/intencje-mszalne-11-17-09-2023\/"},"wordCount":93,"articleSection":["Intencje"],"inLanguage":"pl-PL"},{"@type":"WebPage","@id":"https:\/\/parafiajozwikow.pl\/index.php\/2023\/09\/09\/intencje-mszalne-11-17-09-2023\/","url":"https:\/\/parafiajozwikow.pl\/index.php\/2023\/09\/09\/intencje-mszalne-11-17-09-2023\/","name":"Intencje mszalne 11-17.09.2023 - Parafia pw. MB Nieustaj\u0105cej Pomocy w J\u00f3\u017awikowie","isPartOf":{"@id":"https:\/\/parafiajozwikow.pl\/#website"},"datePublished":"2023-09-09T19:26:16+00:00","dateModified":"2023-09-09T19:32:11+00:00","author":{"@id":"https:\/\/parafiajozwikow.pl\/#\/schema\/person\/e7f3d7fb6e7074647ae54aa7c502ab68"},"breadcrumb":{"@id":"https:\/\/parafiajozwikow.pl\/index.php\/2023\/09\/09\/intencje-mszalne-11-17-09-2023\/#breadcrumb"},"inLanguage":"pl-PL","potentialAction":[{"@type":"ReadAction","target":["https:\/\/parafiajozwikow.pl\/index.php\/2023\/09\/09\/intencje-mszalne-11-17-09-2023\/"]}]},{"@type":"BreadcrumbList","@id":"https:\/\/parafiajozwikow.pl\/index.php\/2023\/09\/09\/intencje-mszalne-11-17-09-2023\/#breadcrumb","itemListElement":[{"@type":"ListItem","position":1,"name":"Strona g\u0142\u00f3wna","item":"https:\/\/parafiajozwikow.pl\/"},{"@type":"ListItem","position":2,"name":"Intencje mszalne 11-17.09.2023"}]},{"@type":"WebSite","@id":"https:\/\/parafiajozwikow.pl\/#website","url":"https:\/\/parafiajozwikow.pl\/","name":"Parafia pw. MB Nieustaj\u0105cej Pomocy w J\u00f3\u017awikowie","description":"","potentialAction":[{"@type":"SearchAction","target":{"@type":"EntryPoint","urlTemplate":"https:\/\/parafiajozwikow.pl\/?s={search_term_string}"},"query-input":{"@type":"PropertyValueSpecification","valueRequired":true,"valueName":"search_term_string"}}],"inLanguage":"pl-PL"},{"@type":"Person","@id":"https:\/\/parafiajozwikow.pl\/#\/schema\/person\/e7f3d7fb6e7074647ae54aa7c502ab68","name":"Parafia31","image":{"@type":"ImageObject","inLanguage":"pl-PL","@id":"https:\/\/secure.gravatar.com\/avatar\/c037a6915792c85653487888df401463264c2c5701ceb484fd9c9f363c7d9964?s=96&d=mm&r=g","url":"https:\/\/secure.gravatar.com\/avatar\/c037a6915792c85653487888df401463264c2c5701ceb484fd9c9f363c7d9964?s=96&d=mm&r=g","contentUrl":"https:\/\/secure.gravatar.com\/avatar\/c037a6915792c85653487888df401463264c2c5701ceb484fd9c9f363c7d9964?s=96&d=mm&r=g","caption":"Parafia31"},"sameAs":["http:\/\/parafiajozwikow.pl"],"url":"https:\/\/parafiajozwikow.pl\/index.php\/author\/parafia31\/"}]}},"_links":{"self":[{"href":"https:\/\/parafiajozwikow.pl\/index.php\/wp-json\/wp\/v2\/posts\/989","targetHints":{"allow":["GET"]}}],"collection":[{"href":"https:\/\/parafiajozwikow.pl\/index.php\/wp-json\/wp\/v2\/posts"}],"about":[{"href":"https:\/\/parafiajozwikow.pl\/index.php\/wp-json\/wp\/v2\/types\/post"}],"author":[{"embeddable":true,"href":"https:\/\/parafiajozwikow.pl\/index.php\/wp-json\/wp\/v2\/users\/1"}],"replies":[{"embeddable":true,"href":"https:\/\/parafiajozwikow.pl\/index.php\/wp-json\/wp\/v2\/comments?post=989"}],"version-history":[{"count":5,"href":"https:\/\/parafiajozwikow.pl\/index.php\/wp-json\/wp\/v2\/posts\/989\/revisions"}],"predecessor-version":[{"id":994,"href":"https:\/\/parafiajozwikow.pl\/index.php\/wp-json\/wp\/v2\/posts\/989\/revisions\/994"}],"wp:attachment":[{"href":"https:\/\/parafiajozwikow.pl\/index.php\/wp-json\/wp\/v2\/media?parent=989"}],"wp:term":[{"taxonomy":"category","embeddable":true,"href":"https:\/\/parafiajozwikow.pl\/index.php\/wp-json\/wp\/v2\/categories?post=989"},{"taxonomy":"post_tag","embeddable":true,"href":"https:\/\/parafiajozwikow.pl\/index.php\/wp-json\/wp\/v2\/tags?post=989"}],"curies":[{"name":"wp","href":"https:\/\/api.w.org\/{rel}","templated":true}]}}