{"id":884,"date":"2023-08-13T16:23:07","date_gmt":"2023-08-13T16:23:07","guid":{"rendered":"https:\/\/parafiajozwikow.pl\/?p=884"},"modified":"2023-08-15T17:46:12","modified_gmt":"2023-08-15T17:46:12","slug":"ogloszenia-13-lipiec-2023-rok","status":"publish","type":"post","link":"https:\/\/parafiajozwikow.pl\/index.php\/2023\/08\/13\/ogloszenia-13-lipiec-2023-rok\/","title":{"rendered":"Og\u0142oszenia 13 sierpie\u0144 2023 rok"},"content":{"rendered":"\t\t<div data-elementor-type=\"wp-post\" data-elementor-id=\"884\" class=\"elementor elementor-884\">\n\t\t\t\t\t\t<section class=\"elementor-section elementor-top-section elementor-element elementor-element-e0daa75 elementor-section-boxed elementor-section-height-default elementor-section-height-default\" data-id=\"e0daa75\" data-element_type=\"section\" data-e-type=\"section\">\n\t\t\t\t\t\t<div class=\"elementor-container elementor-column-gap-default\">\n\t\t\t\t\t<div class=\"elementor-column elementor-col-100 elementor-top-column elementor-element elementor-element-ba83fcf\" data-id=\"ba83fcf\" data-element_type=\"column\" data-e-type=\"column\">\n\t\t\t<div class=\"elementor-widget-wrap elementor-element-populated\">\n\t\t\t\t\t\t<div class=\"elementor-element elementor-element-5c0e182 elementor-widget-divider--view-line elementor-widget elementor-widget-divider\" data-id=\"5c0e182\" data-element_type=\"widget\" data-e-type=\"widget\" data-widget_type=\"divider.default\">\n\t\t\t\t<div class=\"elementor-widget-container\">\n\t\t\t\t\t\t\t<div class=\"elementor-divider\">\n\t\t\t<span class=\"elementor-divider-separator\">\n\t\t\t\t\t\t<\/span>\n\t\t<\/div>\n\t\t\t\t\t\t<\/div>\n\t\t\t\t<\/div>\n\t\t\t\t<div class=\"elementor-element elementor-element-acf2fd0 elementor-widget elementor-widget-text-editor\" data-id=\"acf2fd0\" data-element_type=\"widget\" data-e-type=\"widget\" data-widget_type=\"text-editor.default\">\n\t\t\t\t<div class=\"elementor-widget-container\">\n\t\t\t\t\t\t\t\t\t<ol><li>\u00a0Dzi\u015b 45 Piesza Pielgrzymka Diecezji Radomskiej ok. godz. 15:00 wchodzi na Jasn\u0105 G\u00f3r\u0119, by pok\u0142oni\u0107 si\u0119 naszej Pani i porozmawia\u0107 z Ni\u0105, przedstawi\u0107 Jej swoje sprawy. B\u0105d\u017amy duchowo z nimi trwaj\u0105c w dzi\u0119kczynieniu za trud pielgrzymowania i uwielbieniu naszej Matki od wiek\u00f3w troszcz\u0105cej si\u0119 o nasz Nar\u00f3d. Wyrazem tego trwania niech b\u0119dzie w naszych rodzinach modlitwa r\u00f3\u017ca\u0144cowa o godz. 15:00 o b\u0142ogos\u0142awione owoce tego pielgrzymowania.<\/li><li>We wtorek, 15 sierpnia, b\u0119dziemy obchodzi\u0107 uroczysto\u015b\u0107 Wniebowzi\u0119cia NMP (Matki Bo\u017cej Zielnej). Na Mszy \u015bw. o godz. 09:00 po\u015bwi\u0119cenie zi\u00f3\u0142, kwiat\u00f3w i zbo\u017ca. W tym dniu katolik\u00f3w obowi\u0105zuje msza \u015bw. Jest to r\u00f3wnie\u017c rocznica Bitwy Warszawskiej, nazywanej ,,Cudem nad Wis\u0142\u0105\u201d. Bitwa ta rozegra\u0142a si\u0119 w dniach 13 &#8211; 15 sierpnia 1920 r. Uznawana jest za jedn\u0105 z osiemnastu najwa\u017cniejszych bitew w historii \u015bwiata. To zwyci\u0119stwo uchroni\u0142o Polsk\u0119 i ca\u0142\u0105 Europ\u0119 przed zalewem bolszewizmu po zwyci\u0119stwie w Rosji rewolucji pa\u017adziernikowej.<\/li><li>Dzie\u0144 Wniebowzi\u0119cia Matki Bo\u017cej, jest r\u00f3wnie\u017c \u015awi\u0119tem Wojska Polskiego. Serdecznie zach\u0119cam, aby w naszych modlitwach pami\u0119ta\u0107 o Polskich \u017bo\u0142nierzach, Pracownikach Resortu Obrony Narodowej i wszystkich zwi\u0105zanych z Si\u0142ami Zbrojnymi.<\/li><li>\u00a0Za tydzie\u0144 w niedziel\u0119 msza \u015bw. tylko o godz. 09.00. W tygodniu od \u015brody do soboty msza \u015bw. poza parafi\u0105.<\/li><li>B\u00f3g zap\u0142a\u0107 za sprz\u0105tanie ko\u015bcio\u0142a i ofiary po 50z\u0142 rodz. Cecylii Bartkowskiej i Zuzanny Krzysztofik. W sobot\u0119 do sprz\u0105tania zapraszam rodz. Jolanty Krzompa i Marzeny Hajduk z Sarbic Drugich.<\/li><li>Ofiar\u0119 na ogrodzenie z\u0142o\u017cyli: Marian Barcicki i rodzina Janowskich po 100z\u0142, cmentarz Martyna St\u0119pie\u0144 \u2013 40z\u0142. B\u00f3g zap\u0142a\u0107.<\/li><li>Apel Przewodnicz\u0105cego KEP o pomoc dla S\u0142owenii\u2026<\/li><li>Dzisiaj w ,,Go\u015bciu Niedzielnym\u201d polecam podsumowanie \u015aDM- wielkiego wydarzenia, w kt\u00f3rym uczestniczy\u0142 papie\u017c Franciszek, oraz artyku\u0142 odpowiadaj\u0105cy na pytanie: z czego wynikaj\u0105 nieporozumienia mi\u0119dzy nastolatkami i ich rodzicami? Zach\u0119cam do lektury. GN -10z\u0142.<\/li><\/ol><p>Wszystkim Parafianom, Sympatykom i Dobrodziejom oraz przyby\u0142ym Go\u015bciom \u017cycz\u0119 radosnego \u015bwi\u0119towania Niedzieli w gronie najbli\u017cszych, a Solenizantom i Jubilatom zbli\u017caj\u0105cego si\u0119 tygodnia, obfito\u015bci Bo\u017cych \u0142ask i wszelkiej pomy\u015blno\u015bci. Nauczycielom, dzieciom i m\u0142odzie\u017cy udanych wakacji.<\/p><p>Wszystkim Szcz\u0119\u015b\u0107 Bo\u017ce!<\/p>\t\t\t\t\t\t\t\t<\/div>\n\t\t\t\t<\/div>\n\t\t\t\t\t<\/div>\n\t\t<\/div>\n\t\t\t\t\t<\/div>\n\t\t<\/section>\n\t\t\t\t<\/div>\n\t\t","protected":false},"excerpt":{"rendered":"<p>\u00a0Dzi\u015b 45 Piesza Pielgrzymka Diecezji Radomskiej ok. godz. 15:00 wchodzi na Jasn\u0105 G\u00f3r\u0119, by pok\u0142oni\u0107 si\u0119 naszej Pani i porozmawia\u0107 z Ni\u0105, przedstawi\u0107 Jej swoje sprawy. B\u0105d\u017amy duchowo z nimi trwaj\u0105c w dzi\u0119kczynieniu za trud pielgrzymowania i uwielbieniu naszej Matki od wiek\u00f3w troszcz\u0105cej si\u0119 o nasz Nar\u00f3d. Wyrazem tego trwania niech b\u0119dzie w naszych rodzinach [&hellip;]<\/p>\n","protected":false},"author":1,"featured_media":0,"comment_status":"closed","ping_status":"open","sticky":false,"template":"","format":"standard","meta":{"site-sidebar-layout":"default","site-content-layout":"","ast-site-content-layout":"default","site-content-style":"default","site-sidebar-style":"default","ast-global-header-display":"","ast-banner-title-visibility":"","ast-main-header-display":"","ast-hfb-above-header-display":"","ast-hfb-below-header-display":"","ast-hfb-mobile-header-display":"","site-post-title":"","ast-breadcrumbs-content":"","ast-featured-img":"","footer-sml-layout":"","ast-disable-related-posts":"","theme-transparent-header-meta":"","adv-header-id-meta":"","stick-header-meta":"","header-above-stick-meta":"","header-main-stick-meta":"","header-below-stick-meta":"","astra-migrate-meta-layouts":"default","ast-page-background-enabled":"default","ast-page-background-meta":{"desktop":{"background-color":"var(--ast-global-color-4)","background-image":"","background-repeat":"repeat","background-position":"center center","background-size":"auto","background-attachment":"scroll","background-type":"","background-media":"","overlay-type":"","overlay-color":"","overlay-opacity":"","overlay-gradient":""},"tablet":{"background-color":"","background-image":"","background-repeat":"repeat","background-position":"center center","background-size":"auto","background-attachment":"scroll","background-type":"","background-media":"","overlay-type":"","overlay-color":"","overlay-opacity":"","overlay-gradient":""},"mobile":{"background-color":"","background-image":"","background-repeat":"repeat","background-position":"center center","background-size":"auto","background-attachment":"scroll","background-type":"","background-media":"","overlay-type":"","overlay-color":"","overlay-opacity":"","overlay-gradient":""}},"ast-content-background-meta":{"desktop":{"background-color":"var(--ast-global-color-5)","background-image":"","background-repeat":"repeat","background-position":"center center","background-size":"auto","background-attachment":"scroll","background-type":"","background-media":"","overlay-type":"","overlay-color":"","overlay-opacity":"","overlay-gradient":""},"tablet":{"background-color":"var(--ast-global-color-5)","background-image":"","background-repeat":"repeat","background-position":"center center","background-size":"auto","background-attachment":"scroll","background-type":"","background-media":"","overlay-type":"","overlay-color":"","overlay-opacity":"","overlay-gradient":""},"mobile":{"background-color":"var(--ast-global-color-5)","background-image":"","background-repeat":"repeat","background-position":"center center","background-size":"auto","background-attachment":"scroll","background-type":"","background-media":"","overlay-type":"","overlay-color":"","overlay-opacity":"","overlay-gradient":""}},"footnotes":""},"categories":[6],"tags":[],"class_list":["post-884","post","type-post","status-publish","format-standard","hentry","category-ogloszenia"],"yoast_head":"<!-- This site is optimized with the Yoast SEO plugin v27.4 - https:\/\/yoast.com\/product\/yoast-seo-wordpress\/ -->\n<title>Og\u0142oszenia 13 sierpie\u0144 2023 rok - Parafia pw. MB Nieustaj\u0105cej Pomocy w J\u00f3\u017awikowie<\/title>\n<meta name=\"robots\" content=\"index, follow, max-snippet:-1, max-image-preview:large, max-video-preview:-1\" \/>\n<link rel=\"canonical\" href=\"https:\/\/parafiajozwikow.pl\/index.php\/2023\/08\/13\/ogloszenia-13-lipiec-2023-rok\/\" \/>\n<meta property=\"og:locale\" content=\"pl_PL\" \/>\n<meta property=\"og:type\" content=\"article\" \/>\n<meta property=\"og:title\" content=\"Og\u0142oszenia 13 sierpie\u0144 2023 rok - Parafia pw. MB Nieustaj\u0105cej Pomocy w J\u00f3\u017awikowie\" \/>\n<meta property=\"og:description\" content=\"\u00a0Dzi\u015b 45 Piesza Pielgrzymka Diecezji Radomskiej ok. godz. 15:00 wchodzi na Jasn\u0105 G\u00f3r\u0119, by pok\u0142oni\u0107 si\u0119 naszej Pani i porozmawia\u0107 z Ni\u0105, przedstawi\u0107 Jej swoje sprawy. B\u0105d\u017amy duchowo z nimi trwaj\u0105c w dzi\u0119kczynieniu za trud pielgrzymowania i uwielbieniu naszej Matki od wiek\u00f3w troszcz\u0105cej si\u0119 o nasz Nar\u00f3d. Wyrazem tego trwania niech b\u0119dzie w naszych rodzinach [&hellip;]\" \/>\n<meta property=\"og:url\" content=\"https:\/\/parafiajozwikow.pl\/index.php\/2023\/08\/13\/ogloszenia-13-lipiec-2023-rok\/\" \/>\n<meta property=\"og:site_name\" content=\"Parafia pw. MB Nieustaj\u0105cej Pomocy w J\u00f3\u017awikowie\" \/>\n<meta property=\"article:published_time\" content=\"2023-08-13T16:23:07+00:00\" \/>\n<meta property=\"article:modified_time\" content=\"2023-08-15T17:46:12+00:00\" \/>\n<meta name=\"author\" content=\"Parafia31\" \/>\n<meta name=\"twitter:card\" content=\"summary_large_image\" \/>\n<meta name=\"twitter:label1\" content=\"Napisane przez\" \/>\n\t<meta name=\"twitter:data1\" content=\"Parafia31\" \/>\n\t<meta name=\"twitter:label2\" content=\"Szacowany czas czytania\" \/>\n\t<meta name=\"twitter:data2\" content=\"2 minuty\" \/>\n<script type=\"application\/ld+json\" class=\"yoast-schema-graph\">{\"@context\":\"https:\\\/\\\/schema.org\",\"@graph\":[{\"@type\":\"Article\",\"@id\":\"https:\\\/\\\/parafiajozwikow.pl\\\/index.php\\\/2023\\\/08\\\/13\\\/ogloszenia-13-lipiec-2023-rok\\\/#article\",\"isPartOf\":{\"@id\":\"https:\\\/\\\/parafiajozwikow.pl\\\/index.php\\\/2023\\\/08\\\/13\\\/ogloszenia-13-lipiec-2023-rok\\\/\"},\"author\":{\"name\":\"Parafia31\",\"@id\":\"https:\\\/\\\/parafiajozwikow.pl\\\/#\\\/schema\\\/person\\\/e7f3d7fb6e7074647ae54aa7c502ab68\"},\"headline\":\"Og\u0142oszenia 13 sierpie\u0144 2023 rok\",\"datePublished\":\"2023-08-13T16:23:07+00:00\",\"dateModified\":\"2023-08-15T17:46:12+00:00\",\"mainEntityOfPage\":{\"@id\":\"https:\\\/\\\/parafiajozwikow.pl\\\/index.php\\\/2023\\\/08\\\/13\\\/ogloszenia-13-lipiec-2023-rok\\\/\"},\"wordCount\":382,\"articleSection\":[\"Og\u0142oszenia\"],\"inLanguage\":\"pl-PL\"},{\"@type\":\"WebPage\",\"@id\":\"https:\\\/\\\/parafiajozwikow.pl\\\/index.php\\\/2023\\\/08\\\/13\\\/ogloszenia-13-lipiec-2023-rok\\\/\",\"url\":\"https:\\\/\\\/parafiajozwikow.pl\\\/index.php\\\/2023\\\/08\\\/13\\\/ogloszenia-13-lipiec-2023-rok\\\/\",\"name\":\"Og\u0142oszenia 13 sierpie\u0144 2023 rok - Parafia pw. MB Nieustaj\u0105cej Pomocy w J\u00f3\u017awikowie\",\"isPartOf\":{\"@id\":\"https:\\\/\\\/parafiajozwikow.pl\\\/#website\"},\"datePublished\":\"2023-08-13T16:23:07+00:00\",\"dateModified\":\"2023-08-15T17:46:12+00:00\",\"author\":{\"@id\":\"https:\\\/\\\/parafiajozwikow.pl\\\/#\\\/schema\\\/person\\\/e7f3d7fb6e7074647ae54aa7c502ab68\"},\"breadcrumb\":{\"@id\":\"https:\\\/\\\/parafiajozwikow.pl\\\/index.php\\\/2023\\\/08\\\/13\\\/ogloszenia-13-lipiec-2023-rok\\\/#breadcrumb\"},\"inLanguage\":\"pl-PL\",\"potentialAction\":[{\"@type\":\"ReadAction\",\"target\":[\"https:\\\/\\\/parafiajozwikow.pl\\\/index.php\\\/2023\\\/08\\\/13\\\/ogloszenia-13-lipiec-2023-rok\\\/\"]}]},{\"@type\":\"BreadcrumbList\",\"@id\":\"https:\\\/\\\/parafiajozwikow.pl\\\/index.php\\\/2023\\\/08\\\/13\\\/ogloszenia-13-lipiec-2023-rok\\\/#breadcrumb\",\"itemListElement\":[{\"@type\":\"ListItem\",\"position\":1,\"name\":\"Strona g\u0142\u00f3wna\",\"item\":\"https:\\\/\\\/parafiajozwikow.pl\\\/\"},{\"@type\":\"ListItem\",\"position\":2,\"name\":\"Og\u0142oszenia 13 sierpie\u0144 2023 rok\"}]},{\"@type\":\"WebSite\",\"@id\":\"https:\\\/\\\/parafiajozwikow.pl\\\/#website\",\"url\":\"https:\\\/\\\/parafiajozwikow.pl\\\/\",\"name\":\"Parafia pw. MB Nieustaj\u0105cej Pomocy w J\u00f3\u017awikowie\",\"description\":\"\",\"potentialAction\":[{\"@type\":\"SearchAction\",\"target\":{\"@type\":\"EntryPoint\",\"urlTemplate\":\"https:\\\/\\\/parafiajozwikow.pl\\\/?s={search_term_string}\"},\"query-input\":{\"@type\":\"PropertyValueSpecification\",\"valueRequired\":true,\"valueName\":\"search_term_string\"}}],\"inLanguage\":\"pl-PL\"},{\"@type\":\"Person\",\"@id\":\"https:\\\/\\\/parafiajozwikow.pl\\\/#\\\/schema\\\/person\\\/e7f3d7fb6e7074647ae54aa7c502ab68\",\"name\":\"Parafia31\",\"image\":{\"@type\":\"ImageObject\",\"inLanguage\":\"pl-PL\",\"@id\":\"https:\\\/\\\/secure.gravatar.com\\\/avatar\\\/c037a6915792c85653487888df401463264c2c5701ceb484fd9c9f363c7d9964?s=96&d=mm&r=g\",\"url\":\"https:\\\/\\\/secure.gravatar.com\\\/avatar\\\/c037a6915792c85653487888df401463264c2c5701ceb484fd9c9f363c7d9964?s=96&d=mm&r=g\",\"contentUrl\":\"https:\\\/\\\/secure.gravatar.com\\\/avatar\\\/c037a6915792c85653487888df401463264c2c5701ceb484fd9c9f363c7d9964?s=96&d=mm&r=g\",\"caption\":\"Parafia31\"},\"sameAs\":[\"http:\\\/\\\/parafiajozwikow.pl\"],\"url\":\"https:\\\/\\\/parafiajozwikow.pl\\\/index.php\\\/author\\\/parafia31\\\/\"}]}<\/script>\n<!-- \/ Yoast SEO plugin. -->","yoast_head_json":{"title":"Og\u0142oszenia 13 sierpie\u0144 2023 rok - Parafia pw. MB Nieustaj\u0105cej Pomocy w J\u00f3\u017awikowie","robots":{"index":"index","follow":"follow","max-snippet":"max-snippet:-1","max-image-preview":"max-image-preview:large","max-video-preview":"max-video-preview:-1"},"canonical":"https:\/\/parafiajozwikow.pl\/index.php\/2023\/08\/13\/ogloszenia-13-lipiec-2023-rok\/","og_locale":"pl_PL","og_type":"article","og_title":"Og\u0142oszenia 13 sierpie\u0144 2023 rok - Parafia pw. MB Nieustaj\u0105cej Pomocy w J\u00f3\u017awikowie","og_description":"\u00a0Dzi\u015b 45 Piesza Pielgrzymka Diecezji Radomskiej ok. godz. 15:00 wchodzi na Jasn\u0105 G\u00f3r\u0119, by pok\u0142oni\u0107 si\u0119 naszej Pani i porozmawia\u0107 z Ni\u0105, przedstawi\u0107 Jej swoje sprawy. B\u0105d\u017amy duchowo z nimi trwaj\u0105c w dzi\u0119kczynieniu za trud pielgrzymowania i uwielbieniu naszej Matki od wiek\u00f3w troszcz\u0105cej si\u0119 o nasz Nar\u00f3d. Wyrazem tego trwania niech b\u0119dzie w naszych rodzinach [&hellip;]","og_url":"https:\/\/parafiajozwikow.pl\/index.php\/2023\/08\/13\/ogloszenia-13-lipiec-2023-rok\/","og_site_name":"Parafia pw. MB Nieustaj\u0105cej Pomocy w J\u00f3\u017awikowie","article_published_time":"2023-08-13T16:23:07+00:00","article_modified_time":"2023-08-15T17:46:12+00:00","author":"Parafia31","twitter_card":"summary_large_image","twitter_misc":{"Napisane przez":"Parafia31","Szacowany czas czytania":"2 minuty"},"schema":{"@context":"https:\/\/schema.org","@graph":[{"@type":"Article","@id":"https:\/\/parafiajozwikow.pl\/index.php\/2023\/08\/13\/ogloszenia-13-lipiec-2023-rok\/#article","isPartOf":{"@id":"https:\/\/parafiajozwikow.pl\/index.php\/2023\/08\/13\/ogloszenia-13-lipiec-2023-rok\/"},"author":{"name":"Parafia31","@id":"https:\/\/parafiajozwikow.pl\/#\/schema\/person\/e7f3d7fb6e7074647ae54aa7c502ab68"},"headline":"Og\u0142oszenia 13 sierpie\u0144 2023 rok","datePublished":"2023-08-13T16:23:07+00:00","dateModified":"2023-08-15T17:46:12+00:00","mainEntityOfPage":{"@id":"https:\/\/parafiajozwikow.pl\/index.php\/2023\/08\/13\/ogloszenia-13-lipiec-2023-rok\/"},"wordCount":382,"articleSection":["Og\u0142oszenia"],"inLanguage":"pl-PL"},{"@type":"WebPage","@id":"https:\/\/parafiajozwikow.pl\/index.php\/2023\/08\/13\/ogloszenia-13-lipiec-2023-rok\/","url":"https:\/\/parafiajozwikow.pl\/index.php\/2023\/08\/13\/ogloszenia-13-lipiec-2023-rok\/","name":"Og\u0142oszenia 13 sierpie\u0144 2023 rok - Parafia pw. MB Nieustaj\u0105cej Pomocy w J\u00f3\u017awikowie","isPartOf":{"@id":"https:\/\/parafiajozwikow.pl\/#website"},"datePublished":"2023-08-13T16:23:07+00:00","dateModified":"2023-08-15T17:46:12+00:00","author":{"@id":"https:\/\/parafiajozwikow.pl\/#\/schema\/person\/e7f3d7fb6e7074647ae54aa7c502ab68"},"breadcrumb":{"@id":"https:\/\/parafiajozwikow.pl\/index.php\/2023\/08\/13\/ogloszenia-13-lipiec-2023-rok\/#breadcrumb"},"inLanguage":"pl-PL","potentialAction":[{"@type":"ReadAction","target":["https:\/\/parafiajozwikow.pl\/index.php\/2023\/08\/13\/ogloszenia-13-lipiec-2023-rok\/"]}]},{"@type":"BreadcrumbList","@id":"https:\/\/parafiajozwikow.pl\/index.php\/2023\/08\/13\/ogloszenia-13-lipiec-2023-rok\/#breadcrumb","itemListElement":[{"@type":"ListItem","position":1,"name":"Strona g\u0142\u00f3wna","item":"https:\/\/parafiajozwikow.pl\/"},{"@type":"ListItem","position":2,"name":"Og\u0142oszenia 13 sierpie\u0144 2023 rok"}]},{"@type":"WebSite","@id":"https:\/\/parafiajozwikow.pl\/#website","url":"https:\/\/parafiajozwikow.pl\/","name":"Parafia pw. MB Nieustaj\u0105cej Pomocy w J\u00f3\u017awikowie","description":"","potentialAction":[{"@type":"SearchAction","target":{"@type":"EntryPoint","urlTemplate":"https:\/\/parafiajozwikow.pl\/?s={search_term_string}"},"query-input":{"@type":"PropertyValueSpecification","valueRequired":true,"valueName":"search_term_string"}}],"inLanguage":"pl-PL"},{"@type":"Person","@id":"https:\/\/parafiajozwikow.pl\/#\/schema\/person\/e7f3d7fb6e7074647ae54aa7c502ab68","name":"Parafia31","image":{"@type":"ImageObject","inLanguage":"pl-PL","@id":"https:\/\/secure.gravatar.com\/avatar\/c037a6915792c85653487888df401463264c2c5701ceb484fd9c9f363c7d9964?s=96&d=mm&r=g","url":"https:\/\/secure.gravatar.com\/avatar\/c037a6915792c85653487888df401463264c2c5701ceb484fd9c9f363c7d9964?s=96&d=mm&r=g","contentUrl":"https:\/\/secure.gravatar.com\/avatar\/c037a6915792c85653487888df401463264c2c5701ceb484fd9c9f363c7d9964?s=96&d=mm&r=g","caption":"Parafia31"},"sameAs":["http:\/\/parafiajozwikow.pl"],"url":"https:\/\/parafiajozwikow.pl\/index.php\/author\/parafia31\/"}]}},"_links":{"self":[{"href":"https:\/\/parafiajozwikow.pl\/index.php\/wp-json\/wp\/v2\/posts\/884","targetHints":{"allow":["GET"]}}],"collection":[{"href":"https:\/\/parafiajozwikow.pl\/index.php\/wp-json\/wp\/v2\/posts"}],"about":[{"href":"https:\/\/parafiajozwikow.pl\/index.php\/wp-json\/wp\/v2\/types\/post"}],"author":[{"embeddable":true,"href":"https:\/\/parafiajozwikow.pl\/index.php\/wp-json\/wp\/v2\/users\/1"}],"replies":[{"embeddable":true,"href":"https:\/\/parafiajozwikow.pl\/index.php\/wp-json\/wp\/v2\/comments?post=884"}],"version-history":[{"count":6,"href":"https:\/\/parafiajozwikow.pl\/index.php\/wp-json\/wp\/v2\/posts\/884\/revisions"}],"predecessor-version":[{"id":890,"href":"https:\/\/parafiajozwikow.pl\/index.php\/wp-json\/wp\/v2\/posts\/884\/revisions\/890"}],"wp:attachment":[{"href":"https:\/\/parafiajozwikow.pl\/index.php\/wp-json\/wp\/v2\/media?parent=884"}],"wp:term":[{"taxonomy":"category","embeddable":true,"href":"https:\/\/parafiajozwikow.pl\/index.php\/wp-json\/wp\/v2\/categories?post=884"},{"taxonomy":"post_tag","embeddable":true,"href":"https:\/\/parafiajozwikow.pl\/index.php\/wp-json\/wp\/v2\/tags?post=884"}],"curies":[{"name":"wp","href":"https:\/\/api.w.org\/{rel}","templated":true}]}}