{"id":591,"date":"2023-06-03T22:12:25","date_gmt":"2023-06-03T22:12:25","guid":{"rendered":"https:\/\/parafiajozwikow.pl\/?p=591"},"modified":"2023-06-03T22:18:09","modified_gmt":"2023-06-03T22:18:09","slug":"intencje-mszalne-04-11-czerwiec-2023-rok","status":"publish","type":"post","link":"https:\/\/parafiajozwikow.pl\/index.php\/2023\/06\/03\/intencje-mszalne-04-11-czerwiec-2023-rok\/","title":{"rendered":"Intencje mszalne 04-11 czerwiec 2023 rok"},"content":{"rendered":"\t\t<div data-elementor-type=\"wp-post\" data-elementor-id=\"591\" class=\"elementor elementor-591\">\n\t\t\t\t\t\t<section class=\"elementor-section elementor-top-section elementor-element elementor-element-cf29a8c elementor-section-boxed elementor-section-height-default elementor-section-height-default\" data-id=\"cf29a8c\" data-element_type=\"section\" data-e-type=\"section\">\n\t\t\t\t\t\t<div class=\"elementor-container elementor-column-gap-default\">\n\t\t\t\t\t<div class=\"elementor-column elementor-col-100 elementor-top-column elementor-element elementor-element-47e5132\" data-id=\"47e5132\" data-element_type=\"column\" data-e-type=\"column\">\n\t\t\t<div class=\"elementor-widget-wrap elementor-element-populated\">\n\t\t\t\t\t\t<div class=\"elementor-element elementor-element-dd5261b elementor-widget-divider--view-line elementor-widget elementor-widget-divider\" data-id=\"dd5261b\" data-element_type=\"widget\" data-e-type=\"widget\" data-widget_type=\"divider.default\">\n\t\t\t\t<div class=\"elementor-widget-container\">\n\t\t\t\t\t\t\t<div class=\"elementor-divider\">\n\t\t\t<span class=\"elementor-divider-separator\">\n\t\t\t\t\t\t<\/span>\n\t\t<\/div>\n\t\t\t\t\t\t<\/div>\n\t\t\t\t<\/div>\n\t\t\t\t<div class=\"elementor-element elementor-element-49e5a5d elementor-widget elementor-widget-text-editor\" data-id=\"49e5a5d\" data-element_type=\"widget\" data-e-type=\"widget\" data-widget_type=\"text-editor.default\">\n\t\t\t\t<div class=\"elementor-widget-container\">\n\t\t\t\t\t\t\t\t\t<h6>PONIEDZIA\u0141EK 05.06.2023r. \u015aw. Bonifacego. Godzina 16:30.<\/h6><ul><li>Brak<\/li><\/ul><h6>WTOREK 06.06.2023r. Godzina 8:30.<\/h6><ul><li>Brak<\/li><\/ul><h6>\u015aRODA 07.06.2023r. Godzina 16:30.<\/h6><ul><li>Brak<\/li><li>Nowenna do MB Nieustaj\u0105cej Pomocy.<\/li><\/ul><h6>CZWARTEK 08.06.2023r. Naj\u015bwi\u0119tszego Cia\u0142a i Krwi Chrystusa \/Bo\u017ce Cia\u0142o\/. Godzina 11:30.<\/h6><ul><li>O Bo\u017ce b\u0142ogos\u0142awie\u0144stwo dla wszystkich pracuj\u0105cych na roli i o pomy\u015blne tegoroczne zbiory \u2013 od mieszka\u0144c\u00f3w J\u00f3\u017awikowa.<\/li><li>Procesja Eucharystyczna w kierunku Przegr\u00f3d<\/li><\/ul><h6>PI\u0104TEK 09.06.2023r. Godzina 17:00.<\/h6><ul><li>+ W\u0142adys\u0142awa Trojanowskiego.<\/li><li>Oktawa Bo\u017cego Cia\u0142a<\/li><\/ul><h6>SOBOTA 10.06.2023r. Godzina 17:00.<\/h6><ul><li>+ Bogumi\u0142a Wosia.<\/li><li>Oktawa Bo\u017cego Cia\u0142a<\/li><\/ul><h6>X NIEDZIELA Zwyk\u0142a 11.06.2023r.<\/h6><ul><li><strong>Godzina 09:00.<\/strong> + Jerzego Bronis\u0142awa Czekaja \u2013 od Ani i Tomka.<\/li><li><strong>Godzina 12:00.<\/strong> Za Parafian Dobrodziej\u00f3w i Sympatyk\u00f3w<\/li><li>Oktawa Bo\u017cego Cia\u0142a<\/li><\/ul>\t\t\t\t\t\t\t\t<\/div>\n\t\t\t\t<\/div>\n\t\t\t\t\t<\/div>\n\t\t<\/div>\n\t\t\t\t\t<\/div>\n\t\t<\/section>\n\t\t\t\t<\/div>\n\t\t","protected":false},"excerpt":{"rendered":"<p>PONIEDZIA\u0141EK 05.06.2023r. \u015aw. Bonifacego. Godzina 16:30. Brak WTOREK 06.06.2023r. Godzina 8:30. Brak \u015aRODA 07.06.2023r. Godzina 16:30. Brak Nowenna do MB Nieustaj\u0105cej Pomocy. CZWARTEK 08.06.2023r. Naj\u015bwi\u0119tszego Cia\u0142a i Krwi Chrystusa \/Bo\u017ce Cia\u0142o\/. Godzina 11:30. O Bo\u017ce b\u0142ogos\u0142awie\u0144stwo dla wszystkich pracuj\u0105cych na roli i o pomy\u015blne tegoroczne zbiory \u2013 od mieszka\u0144c\u00f3w J\u00f3\u017awikowa. Procesja Eucharystyczna w kierunku Przegr\u00f3d [&hellip;]<\/p>\n","protected":false},"author":1,"featured_media":0,"comment_status":"closed","ping_status":"closed","sticky":false,"template":"","format":"standard","meta":{"site-sidebar-layout":"default","site-content-layout":"","ast-site-content-layout":"default","site-content-style":"default","site-sidebar-style":"default","ast-global-header-display":"","ast-banner-title-visibility":"","ast-main-header-display":"","ast-hfb-above-header-display":"","ast-hfb-below-header-display":"","ast-hfb-mobile-header-display":"","site-post-title":"","ast-breadcrumbs-content":"","ast-featured-img":"","footer-sml-layout":"","ast-disable-related-posts":"","theme-transparent-header-meta":"","adv-header-id-meta":"","stick-header-meta":"","header-above-stick-meta":"","header-main-stick-meta":"","header-below-stick-meta":"","astra-migrate-meta-layouts":"default","ast-page-background-enabled":"default","ast-page-background-meta":{"desktop":{"background-color":"var(--ast-global-color-4)","background-image":"","background-repeat":"repeat","background-position":"center center","background-size":"auto","background-attachment":"scroll","background-type":"","background-media":"","overlay-type":"","overlay-color":"","overlay-opacity":"","overlay-gradient":""},"tablet":{"background-color":"","background-image":"","background-repeat":"repeat","background-position":"center center","background-size":"auto","background-attachment":"scroll","background-type":"","background-media":"","overlay-type":"","overlay-color":"","overlay-opacity":"","overlay-gradient":""},"mobile":{"background-color":"","background-image":"","background-repeat":"repeat","background-position":"center center","background-size":"auto","background-attachment":"scroll","background-type":"","background-media":"","overlay-type":"","overlay-color":"","overlay-opacity":"","overlay-gradient":""}},"ast-content-background-meta":{"desktop":{"background-color":"var(--ast-global-color-5)","background-image":"","background-repeat":"repeat","background-position":"center center","background-size":"auto","background-attachment":"scroll","background-type":"","background-media":"","overlay-type":"","overlay-color":"","overlay-opacity":"","overlay-gradient":""},"tablet":{"background-color":"var(--ast-global-color-5)","background-image":"","background-repeat":"repeat","background-position":"center center","background-size":"auto","background-attachment":"scroll","background-type":"","background-media":"","overlay-type":"","overlay-color":"","overlay-opacity":"","overlay-gradient":""},"mobile":{"background-color":"var(--ast-global-color-5)","background-image":"","background-repeat":"repeat","background-position":"center center","background-size":"auto","background-attachment":"scroll","background-type":"","background-media":"","overlay-type":"","overlay-color":"","overlay-opacity":"","overlay-gradient":""}},"footnotes":""},"categories":[7],"tags":[],"class_list":["post-591","post","type-post","status-publish","format-standard","hentry","category-intencje"],"yoast_head":"<!-- This site is optimized with the Yoast SEO plugin v27.4 - https:\/\/yoast.com\/product\/yoast-seo-wordpress\/ -->\n<title>Intencje mszalne 04-11 czerwiec 2023 rok - Parafia pw. MB Nieustaj\u0105cej Pomocy w J\u00f3\u017awikowie<\/title>\n<meta name=\"robots\" content=\"index, follow, max-snippet:-1, max-image-preview:large, max-video-preview:-1\" \/>\n<link rel=\"canonical\" href=\"https:\/\/parafiajozwikow.pl\/index.php\/2023\/06\/03\/intencje-mszalne-04-11-czerwiec-2023-rok\/\" \/>\n<meta property=\"og:locale\" content=\"pl_PL\" \/>\n<meta property=\"og:type\" content=\"article\" \/>\n<meta property=\"og:title\" content=\"Intencje mszalne 04-11 czerwiec 2023 rok - Parafia pw. MB Nieustaj\u0105cej Pomocy w J\u00f3\u017awikowie\" \/>\n<meta property=\"og:description\" content=\"PONIEDZIA\u0141EK 05.06.2023r. \u015aw. Bonifacego. Godzina 16:30. Brak WTOREK 06.06.2023r. Godzina 8:30. Brak \u015aRODA 07.06.2023r. Godzina 16:30. Brak Nowenna do MB Nieustaj\u0105cej Pomocy. CZWARTEK 08.06.2023r. Naj\u015bwi\u0119tszego Cia\u0142a i Krwi Chrystusa \/Bo\u017ce Cia\u0142o\/. Godzina 11:30. O Bo\u017ce b\u0142ogos\u0142awie\u0144stwo dla wszystkich pracuj\u0105cych na roli i o pomy\u015blne tegoroczne zbiory \u2013 od mieszka\u0144c\u00f3w J\u00f3\u017awikowa. Procesja Eucharystyczna w kierunku Przegr\u00f3d [&hellip;]\" \/>\n<meta property=\"og:url\" content=\"https:\/\/parafiajozwikow.pl\/index.php\/2023\/06\/03\/intencje-mszalne-04-11-czerwiec-2023-rok\/\" \/>\n<meta property=\"og:site_name\" content=\"Parafia pw. MB Nieustaj\u0105cej Pomocy w J\u00f3\u017awikowie\" \/>\n<meta property=\"article:published_time\" content=\"2023-06-03T22:12:25+00:00\" \/>\n<meta property=\"article:modified_time\" content=\"2023-06-03T22:18:09+00:00\" \/>\n<meta name=\"author\" content=\"Parafia31\" \/>\n<meta name=\"twitter:card\" content=\"summary_large_image\" \/>\n<meta name=\"twitter:label1\" content=\"Napisane przez\" \/>\n\t<meta name=\"twitter:data1\" content=\"Parafia31\" \/>\n\t<meta name=\"twitter:label2\" content=\"Szacowany czas czytania\" \/>\n\t<meta name=\"twitter:data2\" content=\"1 minuta\" \/>\n<script type=\"application\/ld+json\" class=\"yoast-schema-graph\">{\"@context\":\"https:\\\/\\\/schema.org\",\"@graph\":[{\"@type\":\"Article\",\"@id\":\"https:\\\/\\\/parafiajozwikow.pl\\\/index.php\\\/2023\\\/06\\\/03\\\/intencje-mszalne-04-11-czerwiec-2023-rok\\\/#article\",\"isPartOf\":{\"@id\":\"https:\\\/\\\/parafiajozwikow.pl\\\/index.php\\\/2023\\\/06\\\/03\\\/intencje-mszalne-04-11-czerwiec-2023-rok\\\/\"},\"author\":{\"name\":\"Parafia31\",\"@id\":\"https:\\\/\\\/parafiajozwikow.pl\\\/#\\\/schema\\\/person\\\/e7f3d7fb6e7074647ae54aa7c502ab68\"},\"headline\":\"Intencje mszalne 04-11 czerwiec 2023 rok\",\"datePublished\":\"2023-06-03T22:12:25+00:00\",\"dateModified\":\"2023-06-03T22:18:09+00:00\",\"mainEntityOfPage\":{\"@id\":\"https:\\\/\\\/parafiajozwikow.pl\\\/index.php\\\/2023\\\/06\\\/03\\\/intencje-mszalne-04-11-czerwiec-2023-rok\\\/\"},\"wordCount\":123,\"articleSection\":[\"Intencje\"],\"inLanguage\":\"pl-PL\"},{\"@type\":\"WebPage\",\"@id\":\"https:\\\/\\\/parafiajozwikow.pl\\\/index.php\\\/2023\\\/06\\\/03\\\/intencje-mszalne-04-11-czerwiec-2023-rok\\\/\",\"url\":\"https:\\\/\\\/parafiajozwikow.pl\\\/index.php\\\/2023\\\/06\\\/03\\\/intencje-mszalne-04-11-czerwiec-2023-rok\\\/\",\"name\":\"Intencje mszalne 04-11 czerwiec 2023 rok - Parafia pw. MB Nieustaj\u0105cej Pomocy w J\u00f3\u017awikowie\",\"isPartOf\":{\"@id\":\"https:\\\/\\\/parafiajozwikow.pl\\\/#website\"},\"datePublished\":\"2023-06-03T22:12:25+00:00\",\"dateModified\":\"2023-06-03T22:18:09+00:00\",\"author\":{\"@id\":\"https:\\\/\\\/parafiajozwikow.pl\\\/#\\\/schema\\\/person\\\/e7f3d7fb6e7074647ae54aa7c502ab68\"},\"breadcrumb\":{\"@id\":\"https:\\\/\\\/parafiajozwikow.pl\\\/index.php\\\/2023\\\/06\\\/03\\\/intencje-mszalne-04-11-czerwiec-2023-rok\\\/#breadcrumb\"},\"inLanguage\":\"pl-PL\",\"potentialAction\":[{\"@type\":\"ReadAction\",\"target\":[\"https:\\\/\\\/parafiajozwikow.pl\\\/index.php\\\/2023\\\/06\\\/03\\\/intencje-mszalne-04-11-czerwiec-2023-rok\\\/\"]}]},{\"@type\":\"BreadcrumbList\",\"@id\":\"https:\\\/\\\/parafiajozwikow.pl\\\/index.php\\\/2023\\\/06\\\/03\\\/intencje-mszalne-04-11-czerwiec-2023-rok\\\/#breadcrumb\",\"itemListElement\":[{\"@type\":\"ListItem\",\"position\":1,\"name\":\"Strona g\u0142\u00f3wna\",\"item\":\"https:\\\/\\\/parafiajozwikow.pl\\\/\"},{\"@type\":\"ListItem\",\"position\":2,\"name\":\"Intencje mszalne 04-11 czerwiec 2023 rok\"}]},{\"@type\":\"WebSite\",\"@id\":\"https:\\\/\\\/parafiajozwikow.pl\\\/#website\",\"url\":\"https:\\\/\\\/parafiajozwikow.pl\\\/\",\"name\":\"Parafia pw. MB Nieustaj\u0105cej Pomocy w J\u00f3\u017awikowie\",\"description\":\"\",\"potentialAction\":[{\"@type\":\"SearchAction\",\"target\":{\"@type\":\"EntryPoint\",\"urlTemplate\":\"https:\\\/\\\/parafiajozwikow.pl\\\/?s={search_term_string}\"},\"query-input\":{\"@type\":\"PropertyValueSpecification\",\"valueRequired\":true,\"valueName\":\"search_term_string\"}}],\"inLanguage\":\"pl-PL\"},{\"@type\":\"Person\",\"@id\":\"https:\\\/\\\/parafiajozwikow.pl\\\/#\\\/schema\\\/person\\\/e7f3d7fb6e7074647ae54aa7c502ab68\",\"name\":\"Parafia31\",\"image\":{\"@type\":\"ImageObject\",\"inLanguage\":\"pl-PL\",\"@id\":\"https:\\\/\\\/secure.gravatar.com\\\/avatar\\\/c037a6915792c85653487888df401463264c2c5701ceb484fd9c9f363c7d9964?s=96&d=mm&r=g\",\"url\":\"https:\\\/\\\/secure.gravatar.com\\\/avatar\\\/c037a6915792c85653487888df401463264c2c5701ceb484fd9c9f363c7d9964?s=96&d=mm&r=g\",\"contentUrl\":\"https:\\\/\\\/secure.gravatar.com\\\/avatar\\\/c037a6915792c85653487888df401463264c2c5701ceb484fd9c9f363c7d9964?s=96&d=mm&r=g\",\"caption\":\"Parafia31\"},\"sameAs\":[\"http:\\\/\\\/parafiajozwikow.pl\"],\"url\":\"https:\\\/\\\/parafiajozwikow.pl\\\/index.php\\\/author\\\/parafia31\\\/\"}]}<\/script>\n<!-- \/ Yoast SEO plugin. -->","yoast_head_json":{"title":"Intencje mszalne 04-11 czerwiec 2023 rok - Parafia pw. MB Nieustaj\u0105cej Pomocy w J\u00f3\u017awikowie","robots":{"index":"index","follow":"follow","max-snippet":"max-snippet:-1","max-image-preview":"max-image-preview:large","max-video-preview":"max-video-preview:-1"},"canonical":"https:\/\/parafiajozwikow.pl\/index.php\/2023\/06\/03\/intencje-mszalne-04-11-czerwiec-2023-rok\/","og_locale":"pl_PL","og_type":"article","og_title":"Intencje mszalne 04-11 czerwiec 2023 rok - Parafia pw. MB Nieustaj\u0105cej Pomocy w J\u00f3\u017awikowie","og_description":"PONIEDZIA\u0141EK 05.06.2023r. \u015aw. Bonifacego. Godzina 16:30. Brak WTOREK 06.06.2023r. Godzina 8:30. Brak \u015aRODA 07.06.2023r. Godzina 16:30. Brak Nowenna do MB Nieustaj\u0105cej Pomocy. CZWARTEK 08.06.2023r. Naj\u015bwi\u0119tszego Cia\u0142a i Krwi Chrystusa \/Bo\u017ce Cia\u0142o\/. Godzina 11:30. O Bo\u017ce b\u0142ogos\u0142awie\u0144stwo dla wszystkich pracuj\u0105cych na roli i o pomy\u015blne tegoroczne zbiory \u2013 od mieszka\u0144c\u00f3w J\u00f3\u017awikowa. Procesja Eucharystyczna w kierunku Przegr\u00f3d [&hellip;]","og_url":"https:\/\/parafiajozwikow.pl\/index.php\/2023\/06\/03\/intencje-mszalne-04-11-czerwiec-2023-rok\/","og_site_name":"Parafia pw. MB Nieustaj\u0105cej Pomocy w J\u00f3\u017awikowie","article_published_time":"2023-06-03T22:12:25+00:00","article_modified_time":"2023-06-03T22:18:09+00:00","author":"Parafia31","twitter_card":"summary_large_image","twitter_misc":{"Napisane przez":"Parafia31","Szacowany czas czytania":"1 minuta"},"schema":{"@context":"https:\/\/schema.org","@graph":[{"@type":"Article","@id":"https:\/\/parafiajozwikow.pl\/index.php\/2023\/06\/03\/intencje-mszalne-04-11-czerwiec-2023-rok\/#article","isPartOf":{"@id":"https:\/\/parafiajozwikow.pl\/index.php\/2023\/06\/03\/intencje-mszalne-04-11-czerwiec-2023-rok\/"},"author":{"name":"Parafia31","@id":"https:\/\/parafiajozwikow.pl\/#\/schema\/person\/e7f3d7fb6e7074647ae54aa7c502ab68"},"headline":"Intencje mszalne 04-11 czerwiec 2023 rok","datePublished":"2023-06-03T22:12:25+00:00","dateModified":"2023-06-03T22:18:09+00:00","mainEntityOfPage":{"@id":"https:\/\/parafiajozwikow.pl\/index.php\/2023\/06\/03\/intencje-mszalne-04-11-czerwiec-2023-rok\/"},"wordCount":123,"articleSection":["Intencje"],"inLanguage":"pl-PL"},{"@type":"WebPage","@id":"https:\/\/parafiajozwikow.pl\/index.php\/2023\/06\/03\/intencje-mszalne-04-11-czerwiec-2023-rok\/","url":"https:\/\/parafiajozwikow.pl\/index.php\/2023\/06\/03\/intencje-mszalne-04-11-czerwiec-2023-rok\/","name":"Intencje mszalne 04-11 czerwiec 2023 rok - Parafia pw. MB Nieustaj\u0105cej Pomocy w J\u00f3\u017awikowie","isPartOf":{"@id":"https:\/\/parafiajozwikow.pl\/#website"},"datePublished":"2023-06-03T22:12:25+00:00","dateModified":"2023-06-03T22:18:09+00:00","author":{"@id":"https:\/\/parafiajozwikow.pl\/#\/schema\/person\/e7f3d7fb6e7074647ae54aa7c502ab68"},"breadcrumb":{"@id":"https:\/\/parafiajozwikow.pl\/index.php\/2023\/06\/03\/intencje-mszalne-04-11-czerwiec-2023-rok\/#breadcrumb"},"inLanguage":"pl-PL","potentialAction":[{"@type":"ReadAction","target":["https:\/\/parafiajozwikow.pl\/index.php\/2023\/06\/03\/intencje-mszalne-04-11-czerwiec-2023-rok\/"]}]},{"@type":"BreadcrumbList","@id":"https:\/\/parafiajozwikow.pl\/index.php\/2023\/06\/03\/intencje-mszalne-04-11-czerwiec-2023-rok\/#breadcrumb","itemListElement":[{"@type":"ListItem","position":1,"name":"Strona g\u0142\u00f3wna","item":"https:\/\/parafiajozwikow.pl\/"},{"@type":"ListItem","position":2,"name":"Intencje mszalne 04-11 czerwiec 2023 rok"}]},{"@type":"WebSite","@id":"https:\/\/parafiajozwikow.pl\/#website","url":"https:\/\/parafiajozwikow.pl\/","name":"Parafia pw. MB Nieustaj\u0105cej Pomocy w J\u00f3\u017awikowie","description":"","potentialAction":[{"@type":"SearchAction","target":{"@type":"EntryPoint","urlTemplate":"https:\/\/parafiajozwikow.pl\/?s={search_term_string}"},"query-input":{"@type":"PropertyValueSpecification","valueRequired":true,"valueName":"search_term_string"}}],"inLanguage":"pl-PL"},{"@type":"Person","@id":"https:\/\/parafiajozwikow.pl\/#\/schema\/person\/e7f3d7fb6e7074647ae54aa7c502ab68","name":"Parafia31","image":{"@type":"ImageObject","inLanguage":"pl-PL","@id":"https:\/\/secure.gravatar.com\/avatar\/c037a6915792c85653487888df401463264c2c5701ceb484fd9c9f363c7d9964?s=96&d=mm&r=g","url":"https:\/\/secure.gravatar.com\/avatar\/c037a6915792c85653487888df401463264c2c5701ceb484fd9c9f363c7d9964?s=96&d=mm&r=g","contentUrl":"https:\/\/secure.gravatar.com\/avatar\/c037a6915792c85653487888df401463264c2c5701ceb484fd9c9f363c7d9964?s=96&d=mm&r=g","caption":"Parafia31"},"sameAs":["http:\/\/parafiajozwikow.pl"],"url":"https:\/\/parafiajozwikow.pl\/index.php\/author\/parafia31\/"}]}},"_links":{"self":[{"href":"https:\/\/parafiajozwikow.pl\/index.php\/wp-json\/wp\/v2\/posts\/591","targetHints":{"allow":["GET"]}}],"collection":[{"href":"https:\/\/parafiajozwikow.pl\/index.php\/wp-json\/wp\/v2\/posts"}],"about":[{"href":"https:\/\/parafiajozwikow.pl\/index.php\/wp-json\/wp\/v2\/types\/post"}],"author":[{"embeddable":true,"href":"https:\/\/parafiajozwikow.pl\/index.php\/wp-json\/wp\/v2\/users\/1"}],"replies":[{"embeddable":true,"href":"https:\/\/parafiajozwikow.pl\/index.php\/wp-json\/wp\/v2\/comments?post=591"}],"version-history":[{"count":4,"href":"https:\/\/parafiajozwikow.pl\/index.php\/wp-json\/wp\/v2\/posts\/591\/revisions"}],"predecessor-version":[{"id":595,"href":"https:\/\/parafiajozwikow.pl\/index.php\/wp-json\/wp\/v2\/posts\/591\/revisions\/595"}],"wp:attachment":[{"href":"https:\/\/parafiajozwikow.pl\/index.php\/wp-json\/wp\/v2\/media?parent=591"}],"wp:term":[{"taxonomy":"category","embeddable":true,"href":"https:\/\/parafiajozwikow.pl\/index.php\/wp-json\/wp\/v2\/categories?post=591"},{"taxonomy":"post_tag","embeddable":true,"href":"https:\/\/parafiajozwikow.pl\/index.php\/wp-json\/wp\/v2\/tags?post=591"}],"curies":[{"name":"wp","href":"https:\/\/api.w.org\/{rel}","templated":true}]}}