{"id":3481,"date":"2026-04-26T18:26:49","date_gmt":"2026-04-26T18:26:49","guid":{"rendered":"https:\/\/parafiajozwikow.pl\/?p=3481"},"modified":"2026-04-26T18:27:53","modified_gmt":"2026-04-26T18:27:53","slug":"ogloszenia-26-kwiecien-2026-rok","status":"publish","type":"post","link":"https:\/\/parafiajozwikow.pl\/index.php\/2026\/04\/26\/ogloszenia-26-kwiecien-2026-rok\/","title":{"rendered":"Og\u0142oszenia 26 kwiecie\u0144 2026 rok"},"content":{"rendered":"\t\t<div data-elementor-type=\"wp-post\" data-elementor-id=\"3481\" class=\"elementor elementor-3481\">\n\t\t\t\t\t\t<section class=\"elementor-section elementor-top-section elementor-element elementor-element-7ad76d2 elementor-section-boxed elementor-section-height-default elementor-section-height-default\" data-id=\"7ad76d2\" data-element_type=\"section\" data-e-type=\"section\">\n\t\t\t\t\t\t<div class=\"elementor-container elementor-column-gap-default\">\n\t\t\t\t\t<div class=\"elementor-column elementor-col-100 elementor-top-column elementor-element elementor-element-e2396b7\" data-id=\"e2396b7\" data-element_type=\"column\" data-e-type=\"column\">\n\t\t\t<div class=\"elementor-widget-wrap elementor-element-populated\">\n\t\t\t\t\t\t<div class=\"elementor-element elementor-element-2ad9078 elementor-widget-divider--view-line elementor-widget elementor-widget-divider\" data-id=\"2ad9078\" data-element_type=\"widget\" data-e-type=\"widget\" data-widget_type=\"divider.default\">\n\t\t\t\t<div class=\"elementor-widget-container\">\n\t\t\t\t\t\t\t<div class=\"elementor-divider\">\n\t\t\t<span class=\"elementor-divider-separator\">\n\t\t\t\t\t\t<\/span>\n\t\t<\/div>\n\t\t\t\t\t\t<\/div>\n\t\t\t\t<\/div>\n\t\t\t\t<div class=\"elementor-element elementor-element-8a27df4 elementor-widget elementor-widget-text-editor\" data-id=\"8a27df4\" data-element_type=\"widget\" data-e-type=\"widget\" data-widget_type=\"text-editor.default\">\n\t\t\t\t<div class=\"elementor-widget-container\">\n\t\t\t\t\t\t\t\t\t<ol><li>IV Niedziela Wielkanocna jest obchodzona w Ko\u015bciele jako Niedziela Dobrego Pasterza. Jest to r\u00f3wnie\u017c dzie\u0144 modlitwy o nowe powo\u0142ania do Kap\u0142a\u0144stwa i \u017bycia Konsekrowanego. Prosimy Boga, aby udzieli\u0142 wielu m\u0142odym osobom daru powo\u0142ania, aby odwa\u017cnie odpowiedzieli na Bo\u017ce wezwanie. Dzi\u015b rozpoczyna si\u0119 Tydzie\u0144 modlitw o powo\u0142ania do s\u0142u\u017cby w Ko\u015bciele. Taca na WSD w Radomiu.<\/li><li>W \u015brod\u0119 29 kwietnia co miesi\u0119czne Nabo\u017ce\u0144stwo do \u015bw. Micha\u0142a Archanio\u0142a. O godz. 1800 pr\u00f3ba przed I Komuni\u0105 \u015aw. w Sarbicach.<\/li><li>W tym tygodniu przypadaj\u0105 I pi\u0105tek i sobota miesi\u0105ca.<\/li><li>W pi\u0105tek rozpoczynamy nabo\u017ce\u0144stwa majowe, w niedziel\u0119 bezpo\u015brednio po Mszy \u015bw. o godz.1200. W tygodniu po mszy \u015bw. o godz. 1700. W soboty, z wyj\u0105tkiem najbli\u017cszej, zapraszam na maj\u00f3wk\u0119 przy figurze Matki Bo\u017cej na placu ko\u015bcielnym mieszka\u0144c\u00f3w poszczeg\u00f3lnych miejscowo\u015bci naszej parafii. Zach\u0119cam te\u017c do \u015bpiewania maj\u00f3wek przy figurkach na wioskach. To pi\u0119kna tradycja w naszej Ojczy\u017anie. Pami\u0119tajmy te\u017c o odnowieniu i przystrojeniu wszystkich przydro\u017cnych figurek.<\/li><li>Ks. Biskup Ordynariusz na pi\u0105tek 1 maja udzieli\u0142 dyspensy od obowi\u0105zku wstrzemi\u0119\u017aliwo\u015bci od spo\u017cywania pokarm\u00f3w mi\u0119snych. Szczeg\u00f3\u0142y w gablocie.<\/li><li>W tym roku wyj\u0105tkowo liturgiczn\u0105 Uroczysto\u015b\u0107 NMP Kr\u00f3lowej Polski obchodzimy w sobot\u0119 2 maja. Msza \u015bw. z kazaniem o godz. 0900. Jest to r\u00f3wnie\u017c Dzie\u0144 Flagi Rzeczypospolitej Polskiej \u2013 pami\u0119tajmy o wywieszeniu flagi pa\u0144stwowej.<\/li><li>Dzi\u0119kuj\u0119 mieszka\u0144com J\u00f3\u017awikowa za rozebranie Grobu Pa\u0144skiego i posprz\u0105tanie ko\u015bcio\u0142a.<\/li><li>W zwi\u0105zku ze \u015bwi\u0119tem w sobot\u0119 do sprz\u0105tania ko\u015bcio\u0142a w pi\u0105tek zapraszam rodz. Jacka Bia\u0142ego i Marii Lesiak z Sarbic Drugich.<\/li><li>Ofiar\u0119 na cmentarz z\u0142o\u017cy\u0142y: Aleksandra Bujak \u2013 100z\u0142 i Maria Barcicka &#8211; 150z\u0142. B\u00f3g zap\u0142a\u0107 te\u017c za tac\u0119 gospodarcz\u0105 \u2013 950z\u0142.<\/li><li>W kwietniu ko\u0144cz\u0105 si\u0119 wypominki p\u00f3\u0142roczne. Zach\u0119cam do ich przed\u0142u\u017cenia.<\/li><li>W ,,Go\u015bciu Niedzielnym\u201d przeczytamy o Weronice Krawczyk, u\u0142askawionej przez Prezydenta odwa\u017cnej matce, kt\u00f3rej grozi\u0142o wi\u0119zienie za to, ze ostrzeg\u0142a inn\u0105 kobiet\u0119 przed z\u0142ym lekarzem, oraz dlaczego ka\u017cdy ksi\u0105dz musi by\u0107 odwa\u017cny wobec wilk\u00f3w, gotowy na cierpienie i dlaczego nie mo\u017ce dawa\u0107 wiernym fa\u0142szywego pokoju. ,,Ma\u0142y Go\u015b\u0107 Niedzielny\u201d poleca histori\u0119 w\u0142oskiego nastolatka, kt\u00f3ry w marcu zosta\u0142 S\u0142ug\u0105 Bo\u017cym oraz opisuje najszybszy rower \u015bwiata. Zach\u0119cam do lektury. GN i MGN 10 z\u0142.<\/li><\/ol><p>\u00a0<\/p><p>Wszystkim Parafianom, Sympatykom i Dobrodziejom oraz przyby\u0142ym Go\u015bciom \u017cycz\u0119 spokojnego \u015bwi\u0119towania Niedzieli w gronie najbli\u017cszych, a Solenizantom i Jubilatom zbli\u017caj\u0105cego si\u0119 tygodnia, obfito\u015bci Bo\u017cych \u0142ask i wszelkiej pomy\u015blno\u015bci.<\/p><p>SZCZ\u0118\u015a\u0106 BO\u017bE<\/p>\t\t\t\t\t\t\t\t<\/div>\n\t\t\t\t<\/div>\n\t\t\t\t\t<\/div>\n\t\t<\/div>\n\t\t\t\t\t<\/div>\n\t\t<\/section>\n\t\t\t\t<\/div>\n\t\t","protected":false},"excerpt":{"rendered":"<p>IV Niedziela Wielkanocna jest obchodzona w Ko\u015bciele jako Niedziela Dobrego Pasterza. Jest to r\u00f3wnie\u017c dzie\u0144 modlitwy o nowe powo\u0142ania do Kap\u0142a\u0144stwa i \u017bycia Konsekrowanego. Prosimy Boga, aby udzieli\u0142 wielu m\u0142odym osobom daru powo\u0142ania, aby odwa\u017cnie odpowiedzieli na Bo\u017ce wezwanie. Dzi\u015b rozpoczyna si\u0119 Tydzie\u0144 modlitw o powo\u0142ania do s\u0142u\u017cby w Ko\u015bciele. Taca na WSD w Radomiu. [&hellip;]<\/p>\n","protected":false},"author":1,"featured_media":0,"comment_status":"closed","ping_status":"closed","sticky":false,"template":"","format":"standard","meta":{"site-sidebar-layout":"default","site-content-layout":"","ast-site-content-layout":"default","site-content-style":"default","site-sidebar-style":"default","ast-global-header-display":"","ast-banner-title-visibility":"","ast-main-header-display":"","ast-hfb-above-header-display":"","ast-hfb-below-header-display":"","ast-hfb-mobile-header-display":"","site-post-title":"","ast-breadcrumbs-content":"","ast-featured-img":"","footer-sml-layout":"","ast-disable-related-posts":"","theme-transparent-header-meta":"","adv-header-id-meta":"","stick-header-meta":"","header-above-stick-meta":"","header-main-stick-meta":"","header-below-stick-meta":"","astra-migrate-meta-layouts":"set","ast-page-background-enabled":"default","ast-page-background-meta":{"desktop":{"background-color":"var(--ast-global-color-4)","background-image":"","background-repeat":"repeat","background-position":"center center","background-size":"auto","background-attachment":"scroll","background-type":"","background-media":"","overlay-type":"","overlay-color":"","overlay-opacity":"","overlay-gradient":""},"tablet":{"background-color":"","background-image":"","background-repeat":"repeat","background-position":"center center","background-size":"auto","background-attachment":"scroll","background-type":"","background-media":"","overlay-type":"","overlay-color":"","overlay-opacity":"","overlay-gradient":""},"mobile":{"background-color":"","background-image":"","background-repeat":"repeat","background-position":"center center","background-size":"auto","background-attachment":"scroll","background-type":"","background-media":"","overlay-type":"","overlay-color":"","overlay-opacity":"","overlay-gradient":""}},"ast-content-background-meta":{"desktop":{"background-color":"var(--ast-global-color-5)","background-image":"","background-repeat":"repeat","background-position":"center center","background-size":"auto","background-attachment":"scroll","background-type":"","background-media":"","overlay-type":"","overlay-color":"","overlay-opacity":"","overlay-gradient":""},"tablet":{"background-color":"var(--ast-global-color-5)","background-image":"","background-repeat":"repeat","background-position":"center center","background-size":"auto","background-attachment":"scroll","background-type":"","background-media":"","overlay-type":"","overlay-color":"","overlay-opacity":"","overlay-gradient":""},"mobile":{"background-color":"var(--ast-global-color-5)","background-image":"","background-repeat":"repeat","background-position":"center center","background-size":"auto","background-attachment":"scroll","background-type":"","background-media":"","overlay-type":"","overlay-color":"","overlay-opacity":"","overlay-gradient":""}},"footnotes":""},"categories":[6],"tags":[],"class_list":["post-3481","post","type-post","status-publish","format-standard","hentry","category-ogloszenia"],"yoast_head":"<!-- This site is optimized with the Yoast SEO plugin v27.4 - https:\/\/yoast.com\/product\/yoast-seo-wordpress\/ -->\n<title>Og\u0142oszenia 26 kwiecie\u0144 2026 rok - Parafia pw. MB Nieustaj\u0105cej Pomocy w J\u00f3\u017awikowie<\/title>\n<meta name=\"robots\" content=\"index, follow, max-snippet:-1, max-image-preview:large, max-video-preview:-1\" \/>\n<link rel=\"canonical\" href=\"https:\/\/parafiajozwikow.pl\/index.php\/2026\/04\/26\/ogloszenia-26-kwiecien-2026-rok\/\" \/>\n<meta property=\"og:locale\" content=\"pl_PL\" \/>\n<meta property=\"og:type\" content=\"article\" \/>\n<meta property=\"og:title\" content=\"Og\u0142oszenia 26 kwiecie\u0144 2026 rok - Parafia pw. MB Nieustaj\u0105cej Pomocy w J\u00f3\u017awikowie\" \/>\n<meta property=\"og:description\" content=\"IV Niedziela Wielkanocna jest obchodzona w Ko\u015bciele jako Niedziela Dobrego Pasterza. Jest to r\u00f3wnie\u017c dzie\u0144 modlitwy o nowe powo\u0142ania do Kap\u0142a\u0144stwa i \u017bycia Konsekrowanego. Prosimy Boga, aby udzieli\u0142 wielu m\u0142odym osobom daru powo\u0142ania, aby odwa\u017cnie odpowiedzieli na Bo\u017ce wezwanie. Dzi\u015b rozpoczyna si\u0119 Tydzie\u0144 modlitw o powo\u0142ania do s\u0142u\u017cby w Ko\u015bciele. Taca na WSD w Radomiu. [&hellip;]\" \/>\n<meta property=\"og:url\" content=\"https:\/\/parafiajozwikow.pl\/index.php\/2026\/04\/26\/ogloszenia-26-kwiecien-2026-rok\/\" \/>\n<meta property=\"og:site_name\" content=\"Parafia pw. MB Nieustaj\u0105cej Pomocy w J\u00f3\u017awikowie\" \/>\n<meta property=\"article:published_time\" content=\"2026-04-26T18:26:49+00:00\" \/>\n<meta property=\"article:modified_time\" content=\"2026-04-26T18:27:53+00:00\" \/>\n<meta name=\"author\" content=\"Parafia31\" \/>\n<meta name=\"twitter:card\" content=\"summary_large_image\" \/>\n<meta name=\"twitter:label1\" content=\"Napisane przez\" \/>\n\t<meta name=\"twitter:data1\" content=\"Parafia31\" \/>\n\t<meta name=\"twitter:label2\" content=\"Szacowany czas czytania\" \/>\n\t<meta name=\"twitter:data2\" content=\"3 minuty\" \/>\n<script type=\"application\/ld+json\" class=\"yoast-schema-graph\">{\"@context\":\"https:\\\/\\\/schema.org\",\"@graph\":[{\"@type\":\"Article\",\"@id\":\"https:\\\/\\\/parafiajozwikow.pl\\\/index.php\\\/2026\\\/04\\\/26\\\/ogloszenia-26-kwiecien-2026-rok\\\/#article\",\"isPartOf\":{\"@id\":\"https:\\\/\\\/parafiajozwikow.pl\\\/index.php\\\/2026\\\/04\\\/26\\\/ogloszenia-26-kwiecien-2026-rok\\\/\"},\"author\":{\"name\":\"Parafia31\",\"@id\":\"https:\\\/\\\/parafiajozwikow.pl\\\/#\\\/schema\\\/person\\\/e7f3d7fb6e7074647ae54aa7c502ab68\"},\"headline\":\"Og\u0142oszenia 26 kwiecie\u0144 2026 rok\",\"datePublished\":\"2026-04-26T18:26:49+00:00\",\"dateModified\":\"2026-04-26T18:27:53+00:00\",\"mainEntityOfPage\":{\"@id\":\"https:\\\/\\\/parafiajozwikow.pl\\\/index.php\\\/2026\\\/04\\\/26\\\/ogloszenia-26-kwiecien-2026-rok\\\/\"},\"wordCount\":467,\"articleSection\":[\"Og\u0142oszenia\"],\"inLanguage\":\"pl-PL\"},{\"@type\":\"WebPage\",\"@id\":\"https:\\\/\\\/parafiajozwikow.pl\\\/index.php\\\/2026\\\/04\\\/26\\\/ogloszenia-26-kwiecien-2026-rok\\\/\",\"url\":\"https:\\\/\\\/parafiajozwikow.pl\\\/index.php\\\/2026\\\/04\\\/26\\\/ogloszenia-26-kwiecien-2026-rok\\\/\",\"name\":\"Og\u0142oszenia 26 kwiecie\u0144 2026 rok - Parafia pw. MB Nieustaj\u0105cej Pomocy w J\u00f3\u017awikowie\",\"isPartOf\":{\"@id\":\"https:\\\/\\\/parafiajozwikow.pl\\\/#website\"},\"datePublished\":\"2026-04-26T18:26:49+00:00\",\"dateModified\":\"2026-04-26T18:27:53+00:00\",\"author\":{\"@id\":\"https:\\\/\\\/parafiajozwikow.pl\\\/#\\\/schema\\\/person\\\/e7f3d7fb6e7074647ae54aa7c502ab68\"},\"breadcrumb\":{\"@id\":\"https:\\\/\\\/parafiajozwikow.pl\\\/index.php\\\/2026\\\/04\\\/26\\\/ogloszenia-26-kwiecien-2026-rok\\\/#breadcrumb\"},\"inLanguage\":\"pl-PL\",\"potentialAction\":[{\"@type\":\"ReadAction\",\"target\":[\"https:\\\/\\\/parafiajozwikow.pl\\\/index.php\\\/2026\\\/04\\\/26\\\/ogloszenia-26-kwiecien-2026-rok\\\/\"]}]},{\"@type\":\"BreadcrumbList\",\"@id\":\"https:\\\/\\\/parafiajozwikow.pl\\\/index.php\\\/2026\\\/04\\\/26\\\/ogloszenia-26-kwiecien-2026-rok\\\/#breadcrumb\",\"itemListElement\":[{\"@type\":\"ListItem\",\"position\":1,\"name\":\"Strona g\u0142\u00f3wna\",\"item\":\"https:\\\/\\\/parafiajozwikow.pl\\\/\"},{\"@type\":\"ListItem\",\"position\":2,\"name\":\"Og\u0142oszenia 26 kwiecie\u0144 2026 rok\"}]},{\"@type\":\"WebSite\",\"@id\":\"https:\\\/\\\/parafiajozwikow.pl\\\/#website\",\"url\":\"https:\\\/\\\/parafiajozwikow.pl\\\/\",\"name\":\"Parafia pw. MB Nieustaj\u0105cej Pomocy w J\u00f3\u017awikowie\",\"description\":\"\",\"potentialAction\":[{\"@type\":\"SearchAction\",\"target\":{\"@type\":\"EntryPoint\",\"urlTemplate\":\"https:\\\/\\\/parafiajozwikow.pl\\\/?s={search_term_string}\"},\"query-input\":{\"@type\":\"PropertyValueSpecification\",\"valueRequired\":true,\"valueName\":\"search_term_string\"}}],\"inLanguage\":\"pl-PL\"},{\"@type\":\"Person\",\"@id\":\"https:\\\/\\\/parafiajozwikow.pl\\\/#\\\/schema\\\/person\\\/e7f3d7fb6e7074647ae54aa7c502ab68\",\"name\":\"Parafia31\",\"image\":{\"@type\":\"ImageObject\",\"inLanguage\":\"pl-PL\",\"@id\":\"https:\\\/\\\/secure.gravatar.com\\\/avatar\\\/c037a6915792c85653487888df401463264c2c5701ceb484fd9c9f363c7d9964?s=96&d=mm&r=g\",\"url\":\"https:\\\/\\\/secure.gravatar.com\\\/avatar\\\/c037a6915792c85653487888df401463264c2c5701ceb484fd9c9f363c7d9964?s=96&d=mm&r=g\",\"contentUrl\":\"https:\\\/\\\/secure.gravatar.com\\\/avatar\\\/c037a6915792c85653487888df401463264c2c5701ceb484fd9c9f363c7d9964?s=96&d=mm&r=g\",\"caption\":\"Parafia31\"},\"sameAs\":[\"http:\\\/\\\/parafiajozwikow.pl\"],\"url\":\"https:\\\/\\\/parafiajozwikow.pl\\\/index.php\\\/author\\\/parafia31\\\/\"}]}<\/script>\n<!-- \/ Yoast SEO plugin. -->","yoast_head_json":{"title":"Og\u0142oszenia 26 kwiecie\u0144 2026 rok - Parafia pw. MB Nieustaj\u0105cej Pomocy w J\u00f3\u017awikowie","robots":{"index":"index","follow":"follow","max-snippet":"max-snippet:-1","max-image-preview":"max-image-preview:large","max-video-preview":"max-video-preview:-1"},"canonical":"https:\/\/parafiajozwikow.pl\/index.php\/2026\/04\/26\/ogloszenia-26-kwiecien-2026-rok\/","og_locale":"pl_PL","og_type":"article","og_title":"Og\u0142oszenia 26 kwiecie\u0144 2026 rok - Parafia pw. MB Nieustaj\u0105cej Pomocy w J\u00f3\u017awikowie","og_description":"IV Niedziela Wielkanocna jest obchodzona w Ko\u015bciele jako Niedziela Dobrego Pasterza. Jest to r\u00f3wnie\u017c dzie\u0144 modlitwy o nowe powo\u0142ania do Kap\u0142a\u0144stwa i \u017bycia Konsekrowanego. Prosimy Boga, aby udzieli\u0142 wielu m\u0142odym osobom daru powo\u0142ania, aby odwa\u017cnie odpowiedzieli na Bo\u017ce wezwanie. Dzi\u015b rozpoczyna si\u0119 Tydzie\u0144 modlitw o powo\u0142ania do s\u0142u\u017cby w Ko\u015bciele. Taca na WSD w Radomiu. [&hellip;]","og_url":"https:\/\/parafiajozwikow.pl\/index.php\/2026\/04\/26\/ogloszenia-26-kwiecien-2026-rok\/","og_site_name":"Parafia pw. MB Nieustaj\u0105cej Pomocy w J\u00f3\u017awikowie","article_published_time":"2026-04-26T18:26:49+00:00","article_modified_time":"2026-04-26T18:27:53+00:00","author":"Parafia31","twitter_card":"summary_large_image","twitter_misc":{"Napisane przez":"Parafia31","Szacowany czas czytania":"3 minuty"},"schema":{"@context":"https:\/\/schema.org","@graph":[{"@type":"Article","@id":"https:\/\/parafiajozwikow.pl\/index.php\/2026\/04\/26\/ogloszenia-26-kwiecien-2026-rok\/#article","isPartOf":{"@id":"https:\/\/parafiajozwikow.pl\/index.php\/2026\/04\/26\/ogloszenia-26-kwiecien-2026-rok\/"},"author":{"name":"Parafia31","@id":"https:\/\/parafiajozwikow.pl\/#\/schema\/person\/e7f3d7fb6e7074647ae54aa7c502ab68"},"headline":"Og\u0142oszenia 26 kwiecie\u0144 2026 rok","datePublished":"2026-04-26T18:26:49+00:00","dateModified":"2026-04-26T18:27:53+00:00","mainEntityOfPage":{"@id":"https:\/\/parafiajozwikow.pl\/index.php\/2026\/04\/26\/ogloszenia-26-kwiecien-2026-rok\/"},"wordCount":467,"articleSection":["Og\u0142oszenia"],"inLanguage":"pl-PL"},{"@type":"WebPage","@id":"https:\/\/parafiajozwikow.pl\/index.php\/2026\/04\/26\/ogloszenia-26-kwiecien-2026-rok\/","url":"https:\/\/parafiajozwikow.pl\/index.php\/2026\/04\/26\/ogloszenia-26-kwiecien-2026-rok\/","name":"Og\u0142oszenia 26 kwiecie\u0144 2026 rok - Parafia pw. MB Nieustaj\u0105cej Pomocy w J\u00f3\u017awikowie","isPartOf":{"@id":"https:\/\/parafiajozwikow.pl\/#website"},"datePublished":"2026-04-26T18:26:49+00:00","dateModified":"2026-04-26T18:27:53+00:00","author":{"@id":"https:\/\/parafiajozwikow.pl\/#\/schema\/person\/e7f3d7fb6e7074647ae54aa7c502ab68"},"breadcrumb":{"@id":"https:\/\/parafiajozwikow.pl\/index.php\/2026\/04\/26\/ogloszenia-26-kwiecien-2026-rok\/#breadcrumb"},"inLanguage":"pl-PL","potentialAction":[{"@type":"ReadAction","target":["https:\/\/parafiajozwikow.pl\/index.php\/2026\/04\/26\/ogloszenia-26-kwiecien-2026-rok\/"]}]},{"@type":"BreadcrumbList","@id":"https:\/\/parafiajozwikow.pl\/index.php\/2026\/04\/26\/ogloszenia-26-kwiecien-2026-rok\/#breadcrumb","itemListElement":[{"@type":"ListItem","position":1,"name":"Strona g\u0142\u00f3wna","item":"https:\/\/parafiajozwikow.pl\/"},{"@type":"ListItem","position":2,"name":"Og\u0142oszenia 26 kwiecie\u0144 2026 rok"}]},{"@type":"WebSite","@id":"https:\/\/parafiajozwikow.pl\/#website","url":"https:\/\/parafiajozwikow.pl\/","name":"Parafia pw. MB Nieustaj\u0105cej Pomocy w J\u00f3\u017awikowie","description":"","potentialAction":[{"@type":"SearchAction","target":{"@type":"EntryPoint","urlTemplate":"https:\/\/parafiajozwikow.pl\/?s={search_term_string}"},"query-input":{"@type":"PropertyValueSpecification","valueRequired":true,"valueName":"search_term_string"}}],"inLanguage":"pl-PL"},{"@type":"Person","@id":"https:\/\/parafiajozwikow.pl\/#\/schema\/person\/e7f3d7fb6e7074647ae54aa7c502ab68","name":"Parafia31","image":{"@type":"ImageObject","inLanguage":"pl-PL","@id":"https:\/\/secure.gravatar.com\/avatar\/c037a6915792c85653487888df401463264c2c5701ceb484fd9c9f363c7d9964?s=96&d=mm&r=g","url":"https:\/\/secure.gravatar.com\/avatar\/c037a6915792c85653487888df401463264c2c5701ceb484fd9c9f363c7d9964?s=96&d=mm&r=g","contentUrl":"https:\/\/secure.gravatar.com\/avatar\/c037a6915792c85653487888df401463264c2c5701ceb484fd9c9f363c7d9964?s=96&d=mm&r=g","caption":"Parafia31"},"sameAs":["http:\/\/parafiajozwikow.pl"],"url":"https:\/\/parafiajozwikow.pl\/index.php\/author\/parafia31\/"}]}},"_links":{"self":[{"href":"https:\/\/parafiajozwikow.pl\/index.php\/wp-json\/wp\/v2\/posts\/3481","targetHints":{"allow":["GET"]}}],"collection":[{"href":"https:\/\/parafiajozwikow.pl\/index.php\/wp-json\/wp\/v2\/posts"}],"about":[{"href":"https:\/\/parafiajozwikow.pl\/index.php\/wp-json\/wp\/v2\/types\/post"}],"author":[{"embeddable":true,"href":"https:\/\/parafiajozwikow.pl\/index.php\/wp-json\/wp\/v2\/users\/1"}],"replies":[{"embeddable":true,"href":"https:\/\/parafiajozwikow.pl\/index.php\/wp-json\/wp\/v2\/comments?post=3481"}],"version-history":[{"count":7,"href":"https:\/\/parafiajozwikow.pl\/index.php\/wp-json\/wp\/v2\/posts\/3481\/revisions"}],"predecessor-version":[{"id":3488,"href":"https:\/\/parafiajozwikow.pl\/index.php\/wp-json\/wp\/v2\/posts\/3481\/revisions\/3488"}],"wp:attachment":[{"href":"https:\/\/parafiajozwikow.pl\/index.php\/wp-json\/wp\/v2\/media?parent=3481"}],"wp:term":[{"taxonomy":"category","embeddable":true,"href":"https:\/\/parafiajozwikow.pl\/index.php\/wp-json\/wp\/v2\/categories?post=3481"},{"taxonomy":"post_tag","embeddable":true,"href":"https:\/\/parafiajozwikow.pl\/index.php\/wp-json\/wp\/v2\/tags?post=3481"}],"curies":[{"name":"wp","href":"https:\/\/api.w.org\/{rel}","templated":true}]}}