{"id":3305,"date":"2026-03-08T19:18:07","date_gmt":"2026-03-08T19:18:07","guid":{"rendered":"https:\/\/parafiajozwikow.pl\/?p=3305"},"modified":"2026-03-08T19:21:59","modified_gmt":"2026-03-08T19:21:59","slug":"ogloszenia-08-marzec-2026-rok","status":"publish","type":"post","link":"https:\/\/parafiajozwikow.pl\/index.php\/2026\/03\/08\/ogloszenia-08-marzec-2026-rok\/","title":{"rendered":"Og\u0142oszenia 08 marzec 2026 rok"},"content":{"rendered":"\t\t<div data-elementor-type=\"wp-post\" data-elementor-id=\"3305\" class=\"elementor elementor-3305\">\n\t\t\t\t\t\t<section class=\"elementor-section elementor-top-section elementor-element elementor-element-721f05f elementor-section-boxed elementor-section-height-default elementor-section-height-default\" data-id=\"721f05f\" data-element_type=\"section\" data-e-type=\"section\">\n\t\t\t\t\t\t<div class=\"elementor-container elementor-column-gap-default\">\n\t\t\t\t\t<div class=\"elementor-column elementor-col-100 elementor-top-column elementor-element elementor-element-08d07cc\" data-id=\"08d07cc\" data-element_type=\"column\" data-e-type=\"column\">\n\t\t\t<div class=\"elementor-widget-wrap elementor-element-populated\">\n\t\t\t\t\t\t<div class=\"elementor-element elementor-element-a7f5bd0 elementor-widget-divider--view-line elementor-widget elementor-widget-divider\" data-id=\"a7f5bd0\" data-element_type=\"widget\" data-e-type=\"widget\" data-widget_type=\"divider.default\">\n\t\t\t\t<div class=\"elementor-widget-container\">\n\t\t\t\t\t\t\t<div class=\"elementor-divider\">\n\t\t\t<span class=\"elementor-divider-separator\">\n\t\t\t\t\t\t<\/span>\n\t\t<\/div>\n\t\t\t\t\t\t<\/div>\n\t\t\t\t<\/div>\n\t\t\t\t<div class=\"elementor-element elementor-element-1407232 elementor-widget elementor-widget-text-editor\" data-id=\"1407232\" data-element_type=\"widget\" data-e-type=\"widget\" data-widget_type=\"text-editor.default\">\n\t\t\t\t<div class=\"elementor-widget-container\">\n\t\t\t\t\t\t\t\t\t<ol><li>Dzi\u015b 8 marca, Dzie\u0144 Kobiet. Wszystkim Paniom i dziewcz\u0119tom sk\u0142adam serdeczne \u017cyczenia. Aby zawsze czu\u0142y si\u0119 pi\u0119kne, spe\u0142nione i kochane:))) a Pan B\u00f3g nie szcz\u0119dzi\u0142 Im potrzebnych \u0142ask i b\u0142ogos\u0142awie\u0144stwa. Du\u017co s\u0142odyczy i czego ka\u017cda Pani sobie \u017cyczyJSzcz\u0119\u015b\u0107 Bo\u017ce.<\/li><li>W ka\u017cdy pi\u0105tek w Wielkim Po\u015bcie o godz. 1600 Droga Krzy\u017cowa, po niej msza \u015bw., a w ka\u017cd\u0105 niedziel\u0119 po mszy \u015bw. o godz. 1200 Gorzkie \u017bale. Zach\u0119cam wszystkich do licznego udzia\u0142u w nabo\u017ce\u0144stwach wielkopostnych. Prosz\u0119 te\u017c mieszka\u0144c\u00f3w Sarbic Drugich cz. I o poprowadzenie Drogi Krzy\u017cowej w najbli\u017cszy pi\u0105tek.<\/li><li>Jeszcze tydzie\u0144 \/ do IV niedzieli wielkopostnej &#8211; 15 marca\/ trwa zbi\u00f3rka \u015brodk\u00f3w czyszcz\u0105cych i pior\u0105cych dla parafii naszych kap\u0142an\u00f3w na Ukrainie. Mo\u017cemy te\u017c z\u0142o\u017cy\u0107 sw\u00f3j dar wrzucaj\u0105c ofiar\u0119 do puszki z napisem Ja\u0142mu\u017cna Wielkopostna. Oka\u017cmy swoje serce dziel\u0105c si\u0119 z potrzebuj\u0105cymi. Dzi\u0119kuj\u0119 za ju\u017c z\u0142o\u017cone dary i ofiary.<\/li><li>B\u00f3g zap\u0142a\u0107 za sprz\u0105tanie ko\u015bcio\u0142a i ofiary po 50z\u0142 rodz. Marianny Ciszek i Angeliki Kuterskiej. Za tydzie\u0144 w sobot\u0119 zapraszam rodz. El\u017cbiety Staciwa i Marioli Ciszek z Gruszki.<\/li><li>Ofiar\u0119 na cmentarz z\u0142o\u017cy\u0142a Marzanna Ginter 200z\u0142, ofiary do puszki dla misjonarzy 251z\u0142 i za dzisiejsz\u0105 tac\u0119 gospodarcz\u0105. B\u00f3g zap\u0142a\u0107.<\/li><li>W dniach 22 \u2013 24 marca \/niedziela-wtorek\/ prze\u017cywa\u0107 b\u0119dziemy parafialne rekolekcje wielkopostne. Spowied\u017a we wtorek 24 marca.<\/li><li>Caritas Diecezji Radomskiej prosi o przekazanie 1,5% podatku. Nr KRS niezb\u0119dny do podania w PIT oraz nowe zasady rozliczania, na ulotkach.<\/li><li>W nowym numerze ,,Go\u015bcia Niedzielnego\u201d przeczytamy o zaletach cz\u0119stej spowiedzi \u015bwi\u0119tej. \u015aw. Teresa Wielka m\u00f3wi\u0142a: ,, Jak si\u0119 spowiadam co dwa tygodnie, to zawsze mam z czego. Jak si\u0119 spowiadam co dwa miesi\u0105ce, to ju\u017c nie mam z czego\u201d, oraz poznamy wzruszaj\u0105c\u0105 histori\u0119 rodzic\u00f3w, kt\u00f3rzy po tragicznej \u015bmierci syna s\u0105 pe\u0142ni spokoju wierz\u0105c, \u017ce wszystko w ich \u017cyciu ma sens. Polecam te\u017c nowy numer ,,Historii Ko\u015bcio\u0142a\u201d z tematem numeru ,, Sekret Templariuszy\u201d. GN 10 z\u0142, HK 14z\u0142.<\/li><\/ol><p>\u00a0<\/p><p>\u00a0<\/p><p>Wszystkim Parafianom, Sympatykom i Dobrodziejom oraz przyby\u0142ym Go\u015bciom \u017cycz\u0119 radosnego \u015bwi\u0119towania Niedzieli w gronie najbli\u017cszych, a Solenizantom i Jubilatom zbli\u017caj\u0105cego si\u0119 tygodnia, obfito\u015bci Bo\u017cych \u0142ask i wszelkiej pomy\u015blno\u015bci.<\/p><p>SZCZ\u0118\u015a\u0106 BO\u017bE!<\/p>\t\t\t\t\t\t\t\t<\/div>\n\t\t\t\t<\/div>\n\t\t\t\t\t<\/div>\n\t\t<\/div>\n\t\t\t\t\t<\/div>\n\t\t<\/section>\n\t\t\t\t<\/div>\n\t\t","protected":false},"excerpt":{"rendered":"<p>Dzi\u015b 8 marca, Dzie\u0144 Kobiet. Wszystkim Paniom i dziewcz\u0119tom sk\u0142adam serdeczne \u017cyczenia. Aby zawsze czu\u0142y si\u0119 pi\u0119kne, spe\u0142nione i kochane:))) a Pan B\u00f3g nie szcz\u0119dzi\u0142 Im potrzebnych \u0142ask i b\u0142ogos\u0142awie\u0144stwa. Du\u017co s\u0142odyczy i czego ka\u017cda Pani sobie \u017cyczyJSzcz\u0119\u015b\u0107 Bo\u017ce. W ka\u017cdy pi\u0105tek w Wielkim Po\u015bcie o godz. 1600 Droga Krzy\u017cowa, po niej msza \u015bw., a [&hellip;]<\/p>\n","protected":false},"author":1,"featured_media":0,"comment_status":"closed","ping_status":"closed","sticky":false,"template":"","format":"standard","meta":{"site-sidebar-layout":"default","site-content-layout":"","ast-site-content-layout":"default","site-content-style":"default","site-sidebar-style":"default","ast-global-header-display":"","ast-banner-title-visibility":"","ast-main-header-display":"","ast-hfb-above-header-display":"","ast-hfb-below-header-display":"","ast-hfb-mobile-header-display":"","site-post-title":"","ast-breadcrumbs-content":"","ast-featured-img":"","footer-sml-layout":"","ast-disable-related-posts":"","theme-transparent-header-meta":"","adv-header-id-meta":"","stick-header-meta":"","header-above-stick-meta":"","header-main-stick-meta":"","header-below-stick-meta":"","astra-migrate-meta-layouts":"set","ast-page-background-enabled":"default","ast-page-background-meta":{"desktop":{"background-color":"var(--ast-global-color-4)","background-image":"","background-repeat":"repeat","background-position":"center center","background-size":"auto","background-attachment":"scroll","background-type":"","background-media":"","overlay-type":"","overlay-color":"","overlay-opacity":"","overlay-gradient":""},"tablet":{"background-color":"","background-image":"","background-repeat":"repeat","background-position":"center center","background-size":"auto","background-attachment":"scroll","background-type":"","background-media":"","overlay-type":"","overlay-color":"","overlay-opacity":"","overlay-gradient":""},"mobile":{"background-color":"","background-image":"","background-repeat":"repeat","background-position":"center center","background-size":"auto","background-attachment":"scroll","background-type":"","background-media":"","overlay-type":"","overlay-color":"","overlay-opacity":"","overlay-gradient":""}},"ast-content-background-meta":{"desktop":{"background-color":"var(--ast-global-color-5)","background-image":"","background-repeat":"repeat","background-position":"center center","background-size":"auto","background-attachment":"scroll","background-type":"","background-media":"","overlay-type":"","overlay-color":"","overlay-opacity":"","overlay-gradient":""},"tablet":{"background-color":"var(--ast-global-color-5)","background-image":"","background-repeat":"repeat","background-position":"center center","background-size":"auto","background-attachment":"scroll","background-type":"","background-media":"","overlay-type":"","overlay-color":"","overlay-opacity":"","overlay-gradient":""},"mobile":{"background-color":"var(--ast-global-color-5)","background-image":"","background-repeat":"repeat","background-position":"center center","background-size":"auto","background-attachment":"scroll","background-type":"","background-media":"","overlay-type":"","overlay-color":"","overlay-opacity":"","overlay-gradient":""}},"footnotes":""},"categories":[6],"tags":[],"class_list":["post-3305","post","type-post","status-publish","format-standard","hentry","category-ogloszenia"],"yoast_head":"<!-- This site is optimized with the Yoast SEO plugin v27.4 - https:\/\/yoast.com\/product\/yoast-seo-wordpress\/ -->\n<title>Og\u0142oszenia 08 marzec 2026 rok - Parafia pw. MB Nieustaj\u0105cej Pomocy w J\u00f3\u017awikowie<\/title>\n<meta name=\"robots\" content=\"index, follow, max-snippet:-1, max-image-preview:large, max-video-preview:-1\" \/>\n<link rel=\"canonical\" href=\"https:\/\/parafiajozwikow.pl\/index.php\/2026\/03\/08\/ogloszenia-08-marzec-2026-rok\/\" \/>\n<meta property=\"og:locale\" content=\"pl_PL\" \/>\n<meta property=\"og:type\" content=\"article\" \/>\n<meta property=\"og:title\" content=\"Og\u0142oszenia 08 marzec 2026 rok - Parafia pw. MB Nieustaj\u0105cej Pomocy w J\u00f3\u017awikowie\" \/>\n<meta property=\"og:description\" content=\"Dzi\u015b 8 marca, Dzie\u0144 Kobiet. Wszystkim Paniom i dziewcz\u0119tom sk\u0142adam serdeczne \u017cyczenia. Aby zawsze czu\u0142y si\u0119 pi\u0119kne, spe\u0142nione i kochane:))) a Pan B\u00f3g nie szcz\u0119dzi\u0142 Im potrzebnych \u0142ask i b\u0142ogos\u0142awie\u0144stwa. Du\u017co s\u0142odyczy i czego ka\u017cda Pani sobie \u017cyczyJSzcz\u0119\u015b\u0107 Bo\u017ce. W ka\u017cdy pi\u0105tek w Wielkim Po\u015bcie o godz. 1600 Droga Krzy\u017cowa, po niej msza \u015bw., a [&hellip;]\" \/>\n<meta property=\"og:url\" content=\"https:\/\/parafiajozwikow.pl\/index.php\/2026\/03\/08\/ogloszenia-08-marzec-2026-rok\/\" \/>\n<meta property=\"og:site_name\" content=\"Parafia pw. MB Nieustaj\u0105cej Pomocy w J\u00f3\u017awikowie\" \/>\n<meta property=\"article:published_time\" content=\"2026-03-08T19:18:07+00:00\" \/>\n<meta property=\"article:modified_time\" content=\"2026-03-08T19:21:59+00:00\" \/>\n<meta name=\"author\" content=\"Parafia31\" \/>\n<meta name=\"twitter:card\" content=\"summary_large_image\" \/>\n<meta name=\"twitter:label1\" content=\"Napisane przez\" \/>\n\t<meta name=\"twitter:data1\" content=\"Parafia31\" \/>\n\t<meta name=\"twitter:label2\" content=\"Szacowany czas czytania\" \/>\n\t<meta name=\"twitter:data2\" content=\"2 minuty\" \/>\n<script type=\"application\/ld+json\" class=\"yoast-schema-graph\">{\"@context\":\"https:\\\/\\\/schema.org\",\"@graph\":[{\"@type\":\"Article\",\"@id\":\"https:\\\/\\\/parafiajozwikow.pl\\\/index.php\\\/2026\\\/03\\\/08\\\/ogloszenia-08-marzec-2026-rok\\\/#article\",\"isPartOf\":{\"@id\":\"https:\\\/\\\/parafiajozwikow.pl\\\/index.php\\\/2026\\\/03\\\/08\\\/ogloszenia-08-marzec-2026-rok\\\/\"},\"author\":{\"name\":\"Parafia31\",\"@id\":\"https:\\\/\\\/parafiajozwikow.pl\\\/#\\\/schema\\\/person\\\/e7f3d7fb6e7074647ae54aa7c502ab68\"},\"headline\":\"Og\u0142oszenia 08 marzec 2026 rok\",\"datePublished\":\"2026-03-08T19:18:07+00:00\",\"dateModified\":\"2026-03-08T19:21:59+00:00\",\"mainEntityOfPage\":{\"@id\":\"https:\\\/\\\/parafiajozwikow.pl\\\/index.php\\\/2026\\\/03\\\/08\\\/ogloszenia-08-marzec-2026-rok\\\/\"},\"wordCount\":406,\"articleSection\":[\"Og\u0142oszenia\"],\"inLanguage\":\"pl-PL\"},{\"@type\":\"WebPage\",\"@id\":\"https:\\\/\\\/parafiajozwikow.pl\\\/index.php\\\/2026\\\/03\\\/08\\\/ogloszenia-08-marzec-2026-rok\\\/\",\"url\":\"https:\\\/\\\/parafiajozwikow.pl\\\/index.php\\\/2026\\\/03\\\/08\\\/ogloszenia-08-marzec-2026-rok\\\/\",\"name\":\"Og\u0142oszenia 08 marzec 2026 rok - Parafia pw. MB Nieustaj\u0105cej Pomocy w J\u00f3\u017awikowie\",\"isPartOf\":{\"@id\":\"https:\\\/\\\/parafiajozwikow.pl\\\/#website\"},\"datePublished\":\"2026-03-08T19:18:07+00:00\",\"dateModified\":\"2026-03-08T19:21:59+00:00\",\"author\":{\"@id\":\"https:\\\/\\\/parafiajozwikow.pl\\\/#\\\/schema\\\/person\\\/e7f3d7fb6e7074647ae54aa7c502ab68\"},\"breadcrumb\":{\"@id\":\"https:\\\/\\\/parafiajozwikow.pl\\\/index.php\\\/2026\\\/03\\\/08\\\/ogloszenia-08-marzec-2026-rok\\\/#breadcrumb\"},\"inLanguage\":\"pl-PL\",\"potentialAction\":[{\"@type\":\"ReadAction\",\"target\":[\"https:\\\/\\\/parafiajozwikow.pl\\\/index.php\\\/2026\\\/03\\\/08\\\/ogloszenia-08-marzec-2026-rok\\\/\"]}]},{\"@type\":\"BreadcrumbList\",\"@id\":\"https:\\\/\\\/parafiajozwikow.pl\\\/index.php\\\/2026\\\/03\\\/08\\\/ogloszenia-08-marzec-2026-rok\\\/#breadcrumb\",\"itemListElement\":[{\"@type\":\"ListItem\",\"position\":1,\"name\":\"Strona g\u0142\u00f3wna\",\"item\":\"https:\\\/\\\/parafiajozwikow.pl\\\/\"},{\"@type\":\"ListItem\",\"position\":2,\"name\":\"Og\u0142oszenia 08 marzec 2026 rok\"}]},{\"@type\":\"WebSite\",\"@id\":\"https:\\\/\\\/parafiajozwikow.pl\\\/#website\",\"url\":\"https:\\\/\\\/parafiajozwikow.pl\\\/\",\"name\":\"Parafia pw. MB Nieustaj\u0105cej Pomocy w J\u00f3\u017awikowie\",\"description\":\"\",\"potentialAction\":[{\"@type\":\"SearchAction\",\"target\":{\"@type\":\"EntryPoint\",\"urlTemplate\":\"https:\\\/\\\/parafiajozwikow.pl\\\/?s={search_term_string}\"},\"query-input\":{\"@type\":\"PropertyValueSpecification\",\"valueRequired\":true,\"valueName\":\"search_term_string\"}}],\"inLanguage\":\"pl-PL\"},{\"@type\":\"Person\",\"@id\":\"https:\\\/\\\/parafiajozwikow.pl\\\/#\\\/schema\\\/person\\\/e7f3d7fb6e7074647ae54aa7c502ab68\",\"name\":\"Parafia31\",\"image\":{\"@type\":\"ImageObject\",\"inLanguage\":\"pl-PL\",\"@id\":\"https:\\\/\\\/secure.gravatar.com\\\/avatar\\\/c037a6915792c85653487888df401463264c2c5701ceb484fd9c9f363c7d9964?s=96&d=mm&r=g\",\"url\":\"https:\\\/\\\/secure.gravatar.com\\\/avatar\\\/c037a6915792c85653487888df401463264c2c5701ceb484fd9c9f363c7d9964?s=96&d=mm&r=g\",\"contentUrl\":\"https:\\\/\\\/secure.gravatar.com\\\/avatar\\\/c037a6915792c85653487888df401463264c2c5701ceb484fd9c9f363c7d9964?s=96&d=mm&r=g\",\"caption\":\"Parafia31\"},\"sameAs\":[\"http:\\\/\\\/parafiajozwikow.pl\"],\"url\":\"https:\\\/\\\/parafiajozwikow.pl\\\/index.php\\\/author\\\/parafia31\\\/\"}]}<\/script>\n<!-- \/ Yoast SEO plugin. -->","yoast_head_json":{"title":"Og\u0142oszenia 08 marzec 2026 rok - Parafia pw. MB Nieustaj\u0105cej Pomocy w J\u00f3\u017awikowie","robots":{"index":"index","follow":"follow","max-snippet":"max-snippet:-1","max-image-preview":"max-image-preview:large","max-video-preview":"max-video-preview:-1"},"canonical":"https:\/\/parafiajozwikow.pl\/index.php\/2026\/03\/08\/ogloszenia-08-marzec-2026-rok\/","og_locale":"pl_PL","og_type":"article","og_title":"Og\u0142oszenia 08 marzec 2026 rok - Parafia pw. MB Nieustaj\u0105cej Pomocy w J\u00f3\u017awikowie","og_description":"Dzi\u015b 8 marca, Dzie\u0144 Kobiet. Wszystkim Paniom i dziewcz\u0119tom sk\u0142adam serdeczne \u017cyczenia. Aby zawsze czu\u0142y si\u0119 pi\u0119kne, spe\u0142nione i kochane:))) a Pan B\u00f3g nie szcz\u0119dzi\u0142 Im potrzebnych \u0142ask i b\u0142ogos\u0142awie\u0144stwa. Du\u017co s\u0142odyczy i czego ka\u017cda Pani sobie \u017cyczyJSzcz\u0119\u015b\u0107 Bo\u017ce. W ka\u017cdy pi\u0105tek w Wielkim Po\u015bcie o godz. 1600 Droga Krzy\u017cowa, po niej msza \u015bw., a [&hellip;]","og_url":"https:\/\/parafiajozwikow.pl\/index.php\/2026\/03\/08\/ogloszenia-08-marzec-2026-rok\/","og_site_name":"Parafia pw. MB Nieustaj\u0105cej Pomocy w J\u00f3\u017awikowie","article_published_time":"2026-03-08T19:18:07+00:00","article_modified_time":"2026-03-08T19:21:59+00:00","author":"Parafia31","twitter_card":"summary_large_image","twitter_misc":{"Napisane przez":"Parafia31","Szacowany czas czytania":"2 minuty"},"schema":{"@context":"https:\/\/schema.org","@graph":[{"@type":"Article","@id":"https:\/\/parafiajozwikow.pl\/index.php\/2026\/03\/08\/ogloszenia-08-marzec-2026-rok\/#article","isPartOf":{"@id":"https:\/\/parafiajozwikow.pl\/index.php\/2026\/03\/08\/ogloszenia-08-marzec-2026-rok\/"},"author":{"name":"Parafia31","@id":"https:\/\/parafiajozwikow.pl\/#\/schema\/person\/e7f3d7fb6e7074647ae54aa7c502ab68"},"headline":"Og\u0142oszenia 08 marzec 2026 rok","datePublished":"2026-03-08T19:18:07+00:00","dateModified":"2026-03-08T19:21:59+00:00","mainEntityOfPage":{"@id":"https:\/\/parafiajozwikow.pl\/index.php\/2026\/03\/08\/ogloszenia-08-marzec-2026-rok\/"},"wordCount":406,"articleSection":["Og\u0142oszenia"],"inLanguage":"pl-PL"},{"@type":"WebPage","@id":"https:\/\/parafiajozwikow.pl\/index.php\/2026\/03\/08\/ogloszenia-08-marzec-2026-rok\/","url":"https:\/\/parafiajozwikow.pl\/index.php\/2026\/03\/08\/ogloszenia-08-marzec-2026-rok\/","name":"Og\u0142oszenia 08 marzec 2026 rok - Parafia pw. MB Nieustaj\u0105cej Pomocy w J\u00f3\u017awikowie","isPartOf":{"@id":"https:\/\/parafiajozwikow.pl\/#website"},"datePublished":"2026-03-08T19:18:07+00:00","dateModified":"2026-03-08T19:21:59+00:00","author":{"@id":"https:\/\/parafiajozwikow.pl\/#\/schema\/person\/e7f3d7fb6e7074647ae54aa7c502ab68"},"breadcrumb":{"@id":"https:\/\/parafiajozwikow.pl\/index.php\/2026\/03\/08\/ogloszenia-08-marzec-2026-rok\/#breadcrumb"},"inLanguage":"pl-PL","potentialAction":[{"@type":"ReadAction","target":["https:\/\/parafiajozwikow.pl\/index.php\/2026\/03\/08\/ogloszenia-08-marzec-2026-rok\/"]}]},{"@type":"BreadcrumbList","@id":"https:\/\/parafiajozwikow.pl\/index.php\/2026\/03\/08\/ogloszenia-08-marzec-2026-rok\/#breadcrumb","itemListElement":[{"@type":"ListItem","position":1,"name":"Strona g\u0142\u00f3wna","item":"https:\/\/parafiajozwikow.pl\/"},{"@type":"ListItem","position":2,"name":"Og\u0142oszenia 08 marzec 2026 rok"}]},{"@type":"WebSite","@id":"https:\/\/parafiajozwikow.pl\/#website","url":"https:\/\/parafiajozwikow.pl\/","name":"Parafia pw. MB Nieustaj\u0105cej Pomocy w J\u00f3\u017awikowie","description":"","potentialAction":[{"@type":"SearchAction","target":{"@type":"EntryPoint","urlTemplate":"https:\/\/parafiajozwikow.pl\/?s={search_term_string}"},"query-input":{"@type":"PropertyValueSpecification","valueRequired":true,"valueName":"search_term_string"}}],"inLanguage":"pl-PL"},{"@type":"Person","@id":"https:\/\/parafiajozwikow.pl\/#\/schema\/person\/e7f3d7fb6e7074647ae54aa7c502ab68","name":"Parafia31","image":{"@type":"ImageObject","inLanguage":"pl-PL","@id":"https:\/\/secure.gravatar.com\/avatar\/c037a6915792c85653487888df401463264c2c5701ceb484fd9c9f363c7d9964?s=96&d=mm&r=g","url":"https:\/\/secure.gravatar.com\/avatar\/c037a6915792c85653487888df401463264c2c5701ceb484fd9c9f363c7d9964?s=96&d=mm&r=g","contentUrl":"https:\/\/secure.gravatar.com\/avatar\/c037a6915792c85653487888df401463264c2c5701ceb484fd9c9f363c7d9964?s=96&d=mm&r=g","caption":"Parafia31"},"sameAs":["http:\/\/parafiajozwikow.pl"],"url":"https:\/\/parafiajozwikow.pl\/index.php\/author\/parafia31\/"}]}},"_links":{"self":[{"href":"https:\/\/parafiajozwikow.pl\/index.php\/wp-json\/wp\/v2\/posts\/3305","targetHints":{"allow":["GET"]}}],"collection":[{"href":"https:\/\/parafiajozwikow.pl\/index.php\/wp-json\/wp\/v2\/posts"}],"about":[{"href":"https:\/\/parafiajozwikow.pl\/index.php\/wp-json\/wp\/v2\/types\/post"}],"author":[{"embeddable":true,"href":"https:\/\/parafiajozwikow.pl\/index.php\/wp-json\/wp\/v2\/users\/1"}],"replies":[{"embeddable":true,"href":"https:\/\/parafiajozwikow.pl\/index.php\/wp-json\/wp\/v2\/comments?post=3305"}],"version-history":[{"count":7,"href":"https:\/\/parafiajozwikow.pl\/index.php\/wp-json\/wp\/v2\/posts\/3305\/revisions"}],"predecessor-version":[{"id":3312,"href":"https:\/\/parafiajozwikow.pl\/index.php\/wp-json\/wp\/v2\/posts\/3305\/revisions\/3312"}],"wp:attachment":[{"href":"https:\/\/parafiajozwikow.pl\/index.php\/wp-json\/wp\/v2\/media?parent=3305"}],"wp:term":[{"taxonomy":"category","embeddable":true,"href":"https:\/\/parafiajozwikow.pl\/index.php\/wp-json\/wp\/v2\/categories?post=3305"},{"taxonomy":"post_tag","embeddable":true,"href":"https:\/\/parafiajozwikow.pl\/index.php\/wp-json\/wp\/v2\/tags?post=3305"}],"curies":[{"name":"wp","href":"https:\/\/api.w.org\/{rel}","templated":true}]}}