{"id":2995,"date":"2025-12-01T09:32:22","date_gmt":"2025-12-01T09:32:22","guid":{"rendered":"https:\/\/parafiajozwikow.pl\/?p=2995"},"modified":"2025-12-01T09:33:11","modified_gmt":"2025-12-01T09:33:11","slug":"ogloszenia-30-listopad-2025-rok","status":"publish","type":"post","link":"https:\/\/parafiajozwikow.pl\/index.php\/2025\/12\/01\/ogloszenia-30-listopad-2025-rok\/","title":{"rendered":"Og\u0142oszenia 30 listopad 2025 rok"},"content":{"rendered":"\t\t<div data-elementor-type=\"wp-post\" data-elementor-id=\"2995\" class=\"elementor elementor-2995\">\n\t\t\t\t\t\t<section class=\"elementor-section elementor-top-section elementor-element elementor-element-adc162d elementor-section-boxed elementor-section-height-default elementor-section-height-default\" data-id=\"adc162d\" data-element_type=\"section\" data-e-type=\"section\">\n\t\t\t\t\t\t<div class=\"elementor-container elementor-column-gap-default\">\n\t\t\t\t\t<div class=\"elementor-column elementor-col-100 elementor-top-column elementor-element elementor-element-448b6b5\" data-id=\"448b6b5\" data-element_type=\"column\" data-e-type=\"column\">\n\t\t\t<div class=\"elementor-widget-wrap elementor-element-populated\">\n\t\t\t\t\t\t<div class=\"elementor-element elementor-element-ee5c044 elementor-widget-divider--view-line elementor-widget elementor-widget-divider\" data-id=\"ee5c044\" data-element_type=\"widget\" data-e-type=\"widget\" data-widget_type=\"divider.default\">\n\t\t\t\t<div class=\"elementor-widget-container\">\n\t\t\t\t\t\t\t<div class=\"elementor-divider\">\n\t\t\t<span class=\"elementor-divider-separator\">\n\t\t\t\t\t\t<\/span>\n\t\t<\/div>\n\t\t\t\t\t\t<\/div>\n\t\t\t\t<\/div>\n\t\t\t\t<div class=\"elementor-element elementor-element-6ea93ca elementor-widget elementor-widget-text-editor\" data-id=\"6ea93ca\" data-element_type=\"widget\" data-e-type=\"widget\" data-widget_type=\"text-editor.default\">\n\t\t\t\t<div class=\"elementor-widget-container\">\n\t\t\t\t\t\t\t\t\t<ol><li>Rozpoczynamy rozprowadzanie \u015bwiec wigilijnych w ramach Wigilijnego Dzie\u0142a Pomocy Dzieciom. Ofiary za \u015bwiece pozostaj\u0105 bez zmian: ma\u0142a &#8211; 10 z\u0142, piramida, kula i z\u0142oty walec \u2013 20 z\u0142. Wigilijne Dzie\u0142o Pomocy Dzieciom organizowane przez Caritas w Polsce pod has\u0142em: \u201e\u015awieca, kt\u00f3ra tworzy polsk\u0105 wigili\u0119\u201d, od 30 lat s\u0142u\u017cy potrzebuj\u0105cym dzieciom i m\u0142odzie\u017cy. Nabywaj\u0105c \u015bwiece mamy okazj\u0119 w\u0142\u0105czy\u0107 si\u0119 w pomoc niesion\u0105 dzieciom i m\u0142odzie\u017cy przez radomsk\u0105 CARITAS. Niech pal\u0105ca \u015bwieca na wigilijnym stole b\u0119dzie widzialnym znakiem naszej wsp\u00f3lnej troski. Po Wigilii \u015bwiece zapalmy na grobach najbli\u017cszych, dope\u0142niaj\u0105c znaczenie pustego miejsca przy stole. Do nabycia s\u0105 r\u00f3wnie\u017c na st\u00f3\u0142 wigilijny. Te z market\u00f3w s\u0105 niepo\u015bwi\u0119cone.<\/li><li>B\u00f3g zap\u0142a\u0107 za sprz\u0105tanie ko\u015bcio\u0142a i ofiary po 50z\u0142 rodz. Anny Bia\u0142ej i Anny \u017bak. W sobot\u0119 prosz\u0119 o posprz\u0105tanie ko\u015bcio\u0142a rodz. Marii Lesiak i Jacka Bia\u0142ego z Sarbic Drugich.<\/li><li>B\u00f3g zap\u0142a\u0107 mieszka\u0144com Sarbic Drugich za pi\u0119kn\u0105 dekoracj\u0119 adwentow\u0105 w ko\u015bciele. Rodzicom dzieci komunijnych za baner z has\u0142em nowego roku duszpasterskiego na froncie ko\u015bcio\u0142a.<\/li><li>Ofiar\u0119 na ko\u015bci\u00f3\u0142 z\u0142o\u017cy\u0142a Gra\u017cyna Stawujak \u2013 200z\u0142. B\u00f3g zap\u0142a\u0107. W przysz\u0142\u0105 niedziel\u0119 zbi\u00f3rka do puszek na pomoc Ko\u015bcio\u0142owi na Wschodzie.<\/li><li>Dzisiaj w ,, Go\u015bciu Niedzielnym\u201d kalendarz \u015bcienny na 2026r oraz pierwszy odcinek z cyklu ,,Adwent ze \u015bw. Augustynem\u201d i refleksja nad s\u0142owami ,, Niespokojne jest serce nasze, dop\u00f3ki w Tobie nie spocznie\u201d. W ,, Ma\u0142ym Go\u015bciu Niedzielnym \u201e zegar adwentowy, jak przygotowa\u0107 si\u0119 w Adwencie do Bo\u017cego Narodzenia i jakie symbole w tym pomagaj\u0105 oraz o rodzinie, kt\u00f3ra do Adwentu przygotowuje si\u0119 ju\u017c we wrze\u015bniu. Zach\u0119cam do lektury. GN 10z\u0142, MGN 7z\u0142.<\/li><\/ol><p>\u00a0<\/p><p>\u00a0<\/p><p>Wszystkim Parafianom, Sympatykom i Dobrodziejom oraz przyby\u0142ym Go\u015bciom \u017cycz\u0119 radosnego \u015bwi\u0119towania Niedzieli w gronie najbli\u017cszych, a Solenizantom i Jubilatom zbli\u017caj\u0105cego si\u0119 tygodnia, obfito\u015bci Bo\u017cych \u0142ask i wszelkiej pomy\u015blno\u015bci.<\/p><p>Szcz\u0119\u015b\u0107 Bo\u017ce!<\/p>\t\t\t\t\t\t\t\t<\/div>\n\t\t\t\t<\/div>\n\t\t\t\t\t<\/div>\n\t\t<\/div>\n\t\t\t\t\t<\/div>\n\t\t<\/section>\n\t\t\t\t<\/div>\n\t\t","protected":false},"excerpt":{"rendered":"<p>Rozpoczynamy rozprowadzanie \u015bwiec wigilijnych w ramach Wigilijnego Dzie\u0142a Pomocy Dzieciom. Ofiary za \u015bwiece pozostaj\u0105 bez zmian: ma\u0142a &#8211; 10 z\u0142, piramida, kula i z\u0142oty walec \u2013 20 z\u0142. Wigilijne Dzie\u0142o Pomocy Dzieciom organizowane przez Caritas w Polsce pod has\u0142em: \u201e\u015awieca, kt\u00f3ra tworzy polsk\u0105 wigili\u0119\u201d, od 30 lat s\u0142u\u017cy potrzebuj\u0105cym dzieciom i m\u0142odzie\u017cy. Nabywaj\u0105c \u015bwiece mamy [&hellip;]<\/p>\n","protected":false},"author":1,"featured_media":0,"comment_status":"closed","ping_status":"closed","sticky":false,"template":"","format":"standard","meta":{"site-sidebar-layout":"default","site-content-layout":"","ast-site-content-layout":"default","site-content-style":"default","site-sidebar-style":"default","ast-global-header-display":"","ast-banner-title-visibility":"","ast-main-header-display":"","ast-hfb-above-header-display":"","ast-hfb-below-header-display":"","ast-hfb-mobile-header-display":"","site-post-title":"","ast-breadcrumbs-content":"","ast-featured-img":"","footer-sml-layout":"","ast-disable-related-posts":"","theme-transparent-header-meta":"","adv-header-id-meta":"","stick-header-meta":"","header-above-stick-meta":"","header-main-stick-meta":"","header-below-stick-meta":"","astra-migrate-meta-layouts":"set","ast-page-background-enabled":"default","ast-page-background-meta":{"desktop":{"background-color":"var(--ast-global-color-4)","background-image":"","background-repeat":"repeat","background-position":"center center","background-size":"auto","background-attachment":"scroll","background-type":"","background-media":"","overlay-type":"","overlay-color":"","overlay-opacity":"","overlay-gradient":""},"tablet":{"background-color":"","background-image":"","background-repeat":"repeat","background-position":"center center","background-size":"auto","background-attachment":"scroll","background-type":"","background-media":"","overlay-type":"","overlay-color":"","overlay-opacity":"","overlay-gradient":""},"mobile":{"background-color":"","background-image":"","background-repeat":"repeat","background-position":"center center","background-size":"auto","background-attachment":"scroll","background-type":"","background-media":"","overlay-type":"","overlay-color":"","overlay-opacity":"","overlay-gradient":""}},"ast-content-background-meta":{"desktop":{"background-color":"var(--ast-global-color-5)","background-image":"","background-repeat":"repeat","background-position":"center center","background-size":"auto","background-attachment":"scroll","background-type":"","background-media":"","overlay-type":"","overlay-color":"","overlay-opacity":"","overlay-gradient":""},"tablet":{"background-color":"var(--ast-global-color-5)","background-image":"","background-repeat":"repeat","background-position":"center center","background-size":"auto","background-attachment":"scroll","background-type":"","background-media":"","overlay-type":"","overlay-color":"","overlay-opacity":"","overlay-gradient":""},"mobile":{"background-color":"var(--ast-global-color-5)","background-image":"","background-repeat":"repeat","background-position":"center center","background-size":"auto","background-attachment":"scroll","background-type":"","background-media":"","overlay-type":"","overlay-color":"","overlay-opacity":"","overlay-gradient":""}},"footnotes":""},"categories":[6],"tags":[],"class_list":["post-2995","post","type-post","status-publish","format-standard","hentry","category-ogloszenia"],"yoast_head":"<!-- This site is optimized with the Yoast SEO plugin v27.4 - https:\/\/yoast.com\/product\/yoast-seo-wordpress\/ -->\n<title>Og\u0142oszenia 30 listopad 2025 rok - Parafia pw. MB Nieustaj\u0105cej Pomocy w J\u00f3\u017awikowie<\/title>\n<meta name=\"robots\" content=\"index, follow, max-snippet:-1, max-image-preview:large, max-video-preview:-1\" \/>\n<link rel=\"canonical\" href=\"https:\/\/parafiajozwikow.pl\/index.php\/2025\/12\/01\/ogloszenia-30-listopad-2025-rok\/\" \/>\n<meta property=\"og:locale\" content=\"pl_PL\" \/>\n<meta property=\"og:type\" content=\"article\" \/>\n<meta property=\"og:title\" content=\"Og\u0142oszenia 30 listopad 2025 rok - Parafia pw. MB Nieustaj\u0105cej Pomocy w J\u00f3\u017awikowie\" \/>\n<meta property=\"og:description\" content=\"Rozpoczynamy rozprowadzanie \u015bwiec wigilijnych w ramach Wigilijnego Dzie\u0142a Pomocy Dzieciom. Ofiary za \u015bwiece pozostaj\u0105 bez zmian: ma\u0142a &#8211; 10 z\u0142, piramida, kula i z\u0142oty walec \u2013 20 z\u0142. Wigilijne Dzie\u0142o Pomocy Dzieciom organizowane przez Caritas w Polsce pod has\u0142em: \u201e\u015awieca, kt\u00f3ra tworzy polsk\u0105 wigili\u0119\u201d, od 30 lat s\u0142u\u017cy potrzebuj\u0105cym dzieciom i m\u0142odzie\u017cy. Nabywaj\u0105c \u015bwiece mamy [&hellip;]\" \/>\n<meta property=\"og:url\" content=\"https:\/\/parafiajozwikow.pl\/index.php\/2025\/12\/01\/ogloszenia-30-listopad-2025-rok\/\" \/>\n<meta property=\"og:site_name\" content=\"Parafia pw. MB Nieustaj\u0105cej Pomocy w J\u00f3\u017awikowie\" \/>\n<meta property=\"article:published_time\" content=\"2025-12-01T09:32:22+00:00\" \/>\n<meta property=\"article:modified_time\" content=\"2025-12-01T09:33:11+00:00\" \/>\n<meta name=\"author\" content=\"Parafia31\" \/>\n<meta name=\"twitter:card\" content=\"summary_large_image\" \/>\n<meta name=\"twitter:label1\" content=\"Napisane przez\" \/>\n\t<meta name=\"twitter:data1\" content=\"Parafia31\" \/>\n\t<meta name=\"twitter:label2\" content=\"Szacowany czas czytania\" \/>\n\t<meta name=\"twitter:data2\" content=\"2 minuty\" \/>\n<script type=\"application\/ld+json\" class=\"yoast-schema-graph\">{\"@context\":\"https:\\\/\\\/schema.org\",\"@graph\":[{\"@type\":\"Article\",\"@id\":\"https:\\\/\\\/parafiajozwikow.pl\\\/index.php\\\/2025\\\/12\\\/01\\\/ogloszenia-30-listopad-2025-rok\\\/#article\",\"isPartOf\":{\"@id\":\"https:\\\/\\\/parafiajozwikow.pl\\\/index.php\\\/2025\\\/12\\\/01\\\/ogloszenia-30-listopad-2025-rok\\\/\"},\"author\":{\"name\":\"Parafia31\",\"@id\":\"https:\\\/\\\/parafiajozwikow.pl\\\/#\\\/schema\\\/person\\\/e7f3d7fb6e7074647ae54aa7c502ab68\"},\"headline\":\"Og\u0142oszenia 30 listopad 2025 rok\",\"datePublished\":\"2025-12-01T09:32:22+00:00\",\"dateModified\":\"2025-12-01T09:33:11+00:00\",\"mainEntityOfPage\":{\"@id\":\"https:\\\/\\\/parafiajozwikow.pl\\\/index.php\\\/2025\\\/12\\\/01\\\/ogloszenia-30-listopad-2025-rok\\\/\"},\"wordCount\":349,\"articleSection\":[\"Og\u0142oszenia\"],\"inLanguage\":\"pl-PL\"},{\"@type\":\"WebPage\",\"@id\":\"https:\\\/\\\/parafiajozwikow.pl\\\/index.php\\\/2025\\\/12\\\/01\\\/ogloszenia-30-listopad-2025-rok\\\/\",\"url\":\"https:\\\/\\\/parafiajozwikow.pl\\\/index.php\\\/2025\\\/12\\\/01\\\/ogloszenia-30-listopad-2025-rok\\\/\",\"name\":\"Og\u0142oszenia 30 listopad 2025 rok - Parafia pw. MB Nieustaj\u0105cej Pomocy w J\u00f3\u017awikowie\",\"isPartOf\":{\"@id\":\"https:\\\/\\\/parafiajozwikow.pl\\\/#website\"},\"datePublished\":\"2025-12-01T09:32:22+00:00\",\"dateModified\":\"2025-12-01T09:33:11+00:00\",\"author\":{\"@id\":\"https:\\\/\\\/parafiajozwikow.pl\\\/#\\\/schema\\\/person\\\/e7f3d7fb6e7074647ae54aa7c502ab68\"},\"breadcrumb\":{\"@id\":\"https:\\\/\\\/parafiajozwikow.pl\\\/index.php\\\/2025\\\/12\\\/01\\\/ogloszenia-30-listopad-2025-rok\\\/#breadcrumb\"},\"inLanguage\":\"pl-PL\",\"potentialAction\":[{\"@type\":\"ReadAction\",\"target\":[\"https:\\\/\\\/parafiajozwikow.pl\\\/index.php\\\/2025\\\/12\\\/01\\\/ogloszenia-30-listopad-2025-rok\\\/\"]}]},{\"@type\":\"BreadcrumbList\",\"@id\":\"https:\\\/\\\/parafiajozwikow.pl\\\/index.php\\\/2025\\\/12\\\/01\\\/ogloszenia-30-listopad-2025-rok\\\/#breadcrumb\",\"itemListElement\":[{\"@type\":\"ListItem\",\"position\":1,\"name\":\"Strona g\u0142\u00f3wna\",\"item\":\"https:\\\/\\\/parafiajozwikow.pl\\\/\"},{\"@type\":\"ListItem\",\"position\":2,\"name\":\"Og\u0142oszenia 30 listopad 2025 rok\"}]},{\"@type\":\"WebSite\",\"@id\":\"https:\\\/\\\/parafiajozwikow.pl\\\/#website\",\"url\":\"https:\\\/\\\/parafiajozwikow.pl\\\/\",\"name\":\"Parafia pw. MB Nieustaj\u0105cej Pomocy w J\u00f3\u017awikowie\",\"description\":\"\",\"potentialAction\":[{\"@type\":\"SearchAction\",\"target\":{\"@type\":\"EntryPoint\",\"urlTemplate\":\"https:\\\/\\\/parafiajozwikow.pl\\\/?s={search_term_string}\"},\"query-input\":{\"@type\":\"PropertyValueSpecification\",\"valueRequired\":true,\"valueName\":\"search_term_string\"}}],\"inLanguage\":\"pl-PL\"},{\"@type\":\"Person\",\"@id\":\"https:\\\/\\\/parafiajozwikow.pl\\\/#\\\/schema\\\/person\\\/e7f3d7fb6e7074647ae54aa7c502ab68\",\"name\":\"Parafia31\",\"image\":{\"@type\":\"ImageObject\",\"inLanguage\":\"pl-PL\",\"@id\":\"https:\\\/\\\/secure.gravatar.com\\\/avatar\\\/c037a6915792c85653487888df401463264c2c5701ceb484fd9c9f363c7d9964?s=96&d=mm&r=g\",\"url\":\"https:\\\/\\\/secure.gravatar.com\\\/avatar\\\/c037a6915792c85653487888df401463264c2c5701ceb484fd9c9f363c7d9964?s=96&d=mm&r=g\",\"contentUrl\":\"https:\\\/\\\/secure.gravatar.com\\\/avatar\\\/c037a6915792c85653487888df401463264c2c5701ceb484fd9c9f363c7d9964?s=96&d=mm&r=g\",\"caption\":\"Parafia31\"},\"sameAs\":[\"http:\\\/\\\/parafiajozwikow.pl\"],\"url\":\"https:\\\/\\\/parafiajozwikow.pl\\\/index.php\\\/author\\\/parafia31\\\/\"}]}<\/script>\n<!-- \/ Yoast SEO plugin. -->","yoast_head_json":{"title":"Og\u0142oszenia 30 listopad 2025 rok - Parafia pw. MB Nieustaj\u0105cej Pomocy w J\u00f3\u017awikowie","robots":{"index":"index","follow":"follow","max-snippet":"max-snippet:-1","max-image-preview":"max-image-preview:large","max-video-preview":"max-video-preview:-1"},"canonical":"https:\/\/parafiajozwikow.pl\/index.php\/2025\/12\/01\/ogloszenia-30-listopad-2025-rok\/","og_locale":"pl_PL","og_type":"article","og_title":"Og\u0142oszenia 30 listopad 2025 rok - Parafia pw. MB Nieustaj\u0105cej Pomocy w J\u00f3\u017awikowie","og_description":"Rozpoczynamy rozprowadzanie \u015bwiec wigilijnych w ramach Wigilijnego Dzie\u0142a Pomocy Dzieciom. Ofiary za \u015bwiece pozostaj\u0105 bez zmian: ma\u0142a &#8211; 10 z\u0142, piramida, kula i z\u0142oty walec \u2013 20 z\u0142. Wigilijne Dzie\u0142o Pomocy Dzieciom organizowane przez Caritas w Polsce pod has\u0142em: \u201e\u015awieca, kt\u00f3ra tworzy polsk\u0105 wigili\u0119\u201d, od 30 lat s\u0142u\u017cy potrzebuj\u0105cym dzieciom i m\u0142odzie\u017cy. Nabywaj\u0105c \u015bwiece mamy [&hellip;]","og_url":"https:\/\/parafiajozwikow.pl\/index.php\/2025\/12\/01\/ogloszenia-30-listopad-2025-rok\/","og_site_name":"Parafia pw. MB Nieustaj\u0105cej Pomocy w J\u00f3\u017awikowie","article_published_time":"2025-12-01T09:32:22+00:00","article_modified_time":"2025-12-01T09:33:11+00:00","author":"Parafia31","twitter_card":"summary_large_image","twitter_misc":{"Napisane przez":"Parafia31","Szacowany czas czytania":"2 minuty"},"schema":{"@context":"https:\/\/schema.org","@graph":[{"@type":"Article","@id":"https:\/\/parafiajozwikow.pl\/index.php\/2025\/12\/01\/ogloszenia-30-listopad-2025-rok\/#article","isPartOf":{"@id":"https:\/\/parafiajozwikow.pl\/index.php\/2025\/12\/01\/ogloszenia-30-listopad-2025-rok\/"},"author":{"name":"Parafia31","@id":"https:\/\/parafiajozwikow.pl\/#\/schema\/person\/e7f3d7fb6e7074647ae54aa7c502ab68"},"headline":"Og\u0142oszenia 30 listopad 2025 rok","datePublished":"2025-12-01T09:32:22+00:00","dateModified":"2025-12-01T09:33:11+00:00","mainEntityOfPage":{"@id":"https:\/\/parafiajozwikow.pl\/index.php\/2025\/12\/01\/ogloszenia-30-listopad-2025-rok\/"},"wordCount":349,"articleSection":["Og\u0142oszenia"],"inLanguage":"pl-PL"},{"@type":"WebPage","@id":"https:\/\/parafiajozwikow.pl\/index.php\/2025\/12\/01\/ogloszenia-30-listopad-2025-rok\/","url":"https:\/\/parafiajozwikow.pl\/index.php\/2025\/12\/01\/ogloszenia-30-listopad-2025-rok\/","name":"Og\u0142oszenia 30 listopad 2025 rok - Parafia pw. MB Nieustaj\u0105cej Pomocy w J\u00f3\u017awikowie","isPartOf":{"@id":"https:\/\/parafiajozwikow.pl\/#website"},"datePublished":"2025-12-01T09:32:22+00:00","dateModified":"2025-12-01T09:33:11+00:00","author":{"@id":"https:\/\/parafiajozwikow.pl\/#\/schema\/person\/e7f3d7fb6e7074647ae54aa7c502ab68"},"breadcrumb":{"@id":"https:\/\/parafiajozwikow.pl\/index.php\/2025\/12\/01\/ogloszenia-30-listopad-2025-rok\/#breadcrumb"},"inLanguage":"pl-PL","potentialAction":[{"@type":"ReadAction","target":["https:\/\/parafiajozwikow.pl\/index.php\/2025\/12\/01\/ogloszenia-30-listopad-2025-rok\/"]}]},{"@type":"BreadcrumbList","@id":"https:\/\/parafiajozwikow.pl\/index.php\/2025\/12\/01\/ogloszenia-30-listopad-2025-rok\/#breadcrumb","itemListElement":[{"@type":"ListItem","position":1,"name":"Strona g\u0142\u00f3wna","item":"https:\/\/parafiajozwikow.pl\/"},{"@type":"ListItem","position":2,"name":"Og\u0142oszenia 30 listopad 2025 rok"}]},{"@type":"WebSite","@id":"https:\/\/parafiajozwikow.pl\/#website","url":"https:\/\/parafiajozwikow.pl\/","name":"Parafia pw. MB Nieustaj\u0105cej Pomocy w J\u00f3\u017awikowie","description":"","potentialAction":[{"@type":"SearchAction","target":{"@type":"EntryPoint","urlTemplate":"https:\/\/parafiajozwikow.pl\/?s={search_term_string}"},"query-input":{"@type":"PropertyValueSpecification","valueRequired":true,"valueName":"search_term_string"}}],"inLanguage":"pl-PL"},{"@type":"Person","@id":"https:\/\/parafiajozwikow.pl\/#\/schema\/person\/e7f3d7fb6e7074647ae54aa7c502ab68","name":"Parafia31","image":{"@type":"ImageObject","inLanguage":"pl-PL","@id":"https:\/\/secure.gravatar.com\/avatar\/c037a6915792c85653487888df401463264c2c5701ceb484fd9c9f363c7d9964?s=96&d=mm&r=g","url":"https:\/\/secure.gravatar.com\/avatar\/c037a6915792c85653487888df401463264c2c5701ceb484fd9c9f363c7d9964?s=96&d=mm&r=g","contentUrl":"https:\/\/secure.gravatar.com\/avatar\/c037a6915792c85653487888df401463264c2c5701ceb484fd9c9f363c7d9964?s=96&d=mm&r=g","caption":"Parafia31"},"sameAs":["http:\/\/parafiajozwikow.pl"],"url":"https:\/\/parafiajozwikow.pl\/index.php\/author\/parafia31\/"}]}},"_links":{"self":[{"href":"https:\/\/parafiajozwikow.pl\/index.php\/wp-json\/wp\/v2\/posts\/2995","targetHints":{"allow":["GET"]}}],"collection":[{"href":"https:\/\/parafiajozwikow.pl\/index.php\/wp-json\/wp\/v2\/posts"}],"about":[{"href":"https:\/\/parafiajozwikow.pl\/index.php\/wp-json\/wp\/v2\/types\/post"}],"author":[{"embeddable":true,"href":"https:\/\/parafiajozwikow.pl\/index.php\/wp-json\/wp\/v2\/users\/1"}],"replies":[{"embeddable":true,"href":"https:\/\/parafiajozwikow.pl\/index.php\/wp-json\/wp\/v2\/comments?post=2995"}],"version-history":[{"count":7,"href":"https:\/\/parafiajozwikow.pl\/index.php\/wp-json\/wp\/v2\/posts\/2995\/revisions"}],"predecessor-version":[{"id":3002,"href":"https:\/\/parafiajozwikow.pl\/index.php\/wp-json\/wp\/v2\/posts\/2995\/revisions\/3002"}],"wp:attachment":[{"href":"https:\/\/parafiajozwikow.pl\/index.php\/wp-json\/wp\/v2\/media?parent=2995"}],"wp:term":[{"taxonomy":"category","embeddable":true,"href":"https:\/\/parafiajozwikow.pl\/index.php\/wp-json\/wp\/v2\/categories?post=2995"},{"taxonomy":"post_tag","embeddable":true,"href":"https:\/\/parafiajozwikow.pl\/index.php\/wp-json\/wp\/v2\/tags?post=2995"}],"curies":[{"name":"wp","href":"https:\/\/api.w.org\/{rel}","templated":true}]}}