{"id":2848,"date":"2025-10-04T20:06:33","date_gmt":"2025-10-04T20:06:33","guid":{"rendered":"https:\/\/parafiajozwikow.pl\/?p=2848"},"modified":"2025-10-04T20:07:38","modified_gmt":"2025-10-04T20:07:38","slug":"ogloszenia-05-pazdziernik-2025-rok","status":"publish","type":"post","link":"https:\/\/parafiajozwikow.pl\/index.php\/2025\/10\/04\/ogloszenia-05-pazdziernik-2025-rok\/","title":{"rendered":"Og\u0142oszenia 05 pa\u017adziernik 2025 rok"},"content":{"rendered":"\t\t<div data-elementor-type=\"wp-post\" data-elementor-id=\"2848\" class=\"elementor elementor-2848\">\n\t\t\t\t\t\t<section class=\"elementor-section elementor-top-section elementor-element elementor-element-aa3189c elementor-section-boxed elementor-section-height-default elementor-section-height-default\" data-id=\"aa3189c\" data-element_type=\"section\" data-e-type=\"section\">\n\t\t\t\t\t\t<div class=\"elementor-container elementor-column-gap-default\">\n\t\t\t\t\t<div class=\"elementor-column elementor-col-100 elementor-top-column elementor-element elementor-element-e80d02b\" data-id=\"e80d02b\" data-element_type=\"column\" data-e-type=\"column\">\n\t\t\t<div class=\"elementor-widget-wrap elementor-element-populated\">\n\t\t\t\t\t\t<div class=\"elementor-element elementor-element-2df28ea elementor-widget-divider--view-line elementor-widget elementor-widget-divider\" data-id=\"2df28ea\" data-element_type=\"widget\" data-e-type=\"widget\" data-widget_type=\"divider.default\">\n\t\t\t\t<div class=\"elementor-widget-container\">\n\t\t\t\t\t\t\t<div class=\"elementor-divider\">\n\t\t\t<span class=\"elementor-divider-separator\">\n\t\t\t\t\t\t<\/span>\n\t\t<\/div>\n\t\t\t\t\t\t<\/div>\n\t\t\t\t<\/div>\n\t\t\t\t<div class=\"elementor-element elementor-element-e244056 elementor-widget elementor-widget-text-editor\" data-id=\"e244056\" data-element_type=\"widget\" data-e-type=\"widget\" data-widget_type=\"text-editor.default\">\n\t\t\t\t<div class=\"elementor-widget-container\">\n\t\t\t\t\t\t\t\t\t<ol><li>Dzi\u015b I niedziela miesi\u0105ca, pozdrawiam K\u017bR i prosz\u0119 o modlitw\u0119 za student\u00f3w rozpoczynaj\u0105cych nowy Rok Akademicki, o pok\u00f3j i zgod\u0119, mi\u0142o\u015b\u0107 i sprawiedliwo\u015b\u0107 w naszej Ojczy\u017anie, oraz o wzrost pobo\u017cno\u015bci w naszej parafii.<\/li><li>Za tydzie\u0144 w niedziel\u0119 \u2013 jak s\u0142yszeli\u015bmy &#8211; XXV Dzie\u0144 Papieski. Zbierane ofiary do puszki przeznaczymy na stypendia dla student\u00f3w z ma\u0142ych miejscowo\u015bci, skupionych wok\u00f3\u0142 Fundacji ,,Dzie\u0142o Nowego Tysi\u0105clecia\u201d, kt\u00f3ra powsta\u0142a jako ,,\u017cywy pomnik\u201d wdzi\u0119czno\u015bci \u015bw. Janowi Paw\u0142owi II. Z tej racji tac\u0119 gospodarcz\u0105 przek\u0142adamy na kolejn\u0105 niedziel\u0119 tj. 19 pa\u017adziernika.<\/li><li>Trwa miesi\u0105c pa\u017adziernik, a wraz z nim nabo\u017ce\u0144stwa r\u00f3\u017ca\u0144cowe codziennie o godz. 16:00, potem msza \u015bw. Wzorem lat ubieg\u0142ych ca\u0142a parafia w\u0142\u0105cza si\u0119 w modlitw\u0119 r\u00f3\u017ca\u0144cow\u0105 wg. nast\u0119puj\u0105cego porz\u0105dku. W niedziele r\u00f3\u017caniec po mszy \u015bw. o 12:00, poprowadz\u0105 K\u017bR z ca\u0142ej parafii. \/ dzi\u015b r\u00f3\u017caniec wyj\u0105tkowo po mszy o 9.00\/ W poniedzia\u0142ki \u2013 mieszka\u0144cy J\u00f3\u017awikowa. We wtorki \u2013 mieszka\u0144cy Gruszki, w \u015brody \u2013 mieszka\u0144cy Sarbic \/od Dobrzeszowa do krzy\u017c\u00f3wek\/, w czwartki \u2013 mieszka\u0144cy Sarbic \/od krzy\u017c\u00f3wek w kierunku Przegr\u00f3d\/, w pi\u0105tki \u2013 ministranci, w soboty &#8211; dzieci komunijne i rocznicowe z rodzicami. Maryja wielokrotnie zapowiada\u0142a w swoich objawieniach, \u017ce r\u00f3\u017caniec jest ratunkiem dla \u015bwiata, dlatego zach\u0119cam do licznego udzia\u0142u wszystkich parafian i w\u0142\u0105czenia si\u0119 do prowadzenia modlitwy. Za odm\u00f3wienie jednej cz\u0119\u015bci r\u00f3\u017ca\u0144ca \/5 tajemnic\/ w ko\u015bciele mo\u017cemy uzyska\u0107 opust zupe\u0142ny pod zwyk\u0142ymi warunkami.<\/li><li>Zach\u0119cam do zamawiania intencji i wypominek na przysz\u0142y rok.<\/li><li>B\u00f3g zap\u0142a\u0107 za sprz\u0105tanie ko\u015bcio\u0142a i dekoracje \/ofiary po 50z\u0142\/ rodz. Ryszarda Serafina i Katarzyny Skrobisz. W sobot\u0119 prosz\u0119 o posprz\u0105tanie ko\u015bcio\u0142a rodz. Eweliny Stolarczyk i Krystiana Ciszka z Sarbic Drugich.<\/li><li>Dzi\u0119kuj\u0119 p. Eli Karykowskiej, Jolancie Krzompie i Wiolecie Knap za dekoracj\u0119 r\u00f3\u017ca\u0144cow\u0105. Tak dobrze Paniom posz\u0142o, \u017ce mo\u017ce dodadz\u0105 jaki\u015b akcent papieski do tego, co ju\u017c jest.<\/li><li>Dzisiaj w ,, Go\u015bciu Niedzielnym\u201d znajdziemy zaproszenie do R\u00f3\u017ca\u0144cowej Szko\u0142y Maryi i rozwa\u017canie tajemnic radosnych, w kt\u00f3rych Matka Bo\u017ca uczy zaufania oraz recenzja najnowszego filmu Pasikowskiego ,, Zamach na papie\u017ca\u201d. <span style=\"font-size: 16px;\">Zach\u0119cam do lektury. GN 10z\u0142.<\/span><\/li><\/ol><p>\u00a0<\/p><p>\u00a0<\/p><p>Wszystkim Parafianom, Sympatykom i Dobrodziejom oraz przyby\u0142ym Go\u015bciom \u017cycz\u0119 radosnego \u015bwi\u0119towania Niedzieli w gronie najbli\u017cszych, a Solenizantom i Jubilatom zbli\u017caj\u0105cego si\u0119 tygodnia, obfito\u015bci Bo\u017cych \u0142ask i wszelkiej pomy\u015blno\u015bci.<\/p><p>Szcz\u0119\u015b\u0107 Bo\u017ce!<\/p>\t\t\t\t\t\t\t\t<\/div>\n\t\t\t\t<\/div>\n\t\t\t\t\t<\/div>\n\t\t<\/div>\n\t\t\t\t\t<\/div>\n\t\t<\/section>\n\t\t\t\t<\/div>\n\t\t","protected":false},"excerpt":{"rendered":"<p>Dzi\u015b I niedziela miesi\u0105ca, pozdrawiam K\u017bR i prosz\u0119 o modlitw\u0119 za student\u00f3w rozpoczynaj\u0105cych nowy Rok Akademicki, o pok\u00f3j i zgod\u0119, mi\u0142o\u015b\u0107 i sprawiedliwo\u015b\u0107 w naszej Ojczy\u017anie, oraz o wzrost pobo\u017cno\u015bci w naszej parafii. Za tydzie\u0144 w niedziel\u0119 \u2013 jak s\u0142yszeli\u015bmy &#8211; XXV Dzie\u0144 Papieski. Zbierane ofiary do puszki przeznaczymy na stypendia dla student\u00f3w z ma\u0142ych [&hellip;]<\/p>\n","protected":false},"author":1,"featured_media":0,"comment_status":"closed","ping_status":"closed","sticky":false,"template":"","format":"standard","meta":{"site-sidebar-layout":"default","site-content-layout":"","ast-site-content-layout":"default","site-content-style":"default","site-sidebar-style":"default","ast-global-header-display":"","ast-banner-title-visibility":"","ast-main-header-display":"","ast-hfb-above-header-display":"","ast-hfb-below-header-display":"","ast-hfb-mobile-header-display":"","site-post-title":"","ast-breadcrumbs-content":"","ast-featured-img":"","footer-sml-layout":"","ast-disable-related-posts":"","theme-transparent-header-meta":"","adv-header-id-meta":"","stick-header-meta":"","header-above-stick-meta":"","header-main-stick-meta":"","header-below-stick-meta":"","astra-migrate-meta-layouts":"set","ast-page-background-enabled":"default","ast-page-background-meta":{"desktop":{"background-color":"var(--ast-global-color-4)","background-image":"","background-repeat":"repeat","background-position":"center center","background-size":"auto","background-attachment":"scroll","background-type":"","background-media":"","overlay-type":"","overlay-color":"","overlay-opacity":"","overlay-gradient":""},"tablet":{"background-color":"","background-image":"","background-repeat":"repeat","background-position":"center center","background-size":"auto","background-attachment":"scroll","background-type":"","background-media":"","overlay-type":"","overlay-color":"","overlay-opacity":"","overlay-gradient":""},"mobile":{"background-color":"","background-image":"","background-repeat":"repeat","background-position":"center center","background-size":"auto","background-attachment":"scroll","background-type":"","background-media":"","overlay-type":"","overlay-color":"","overlay-opacity":"","overlay-gradient":""}},"ast-content-background-meta":{"desktop":{"background-color":"var(--ast-global-color-5)","background-image":"","background-repeat":"repeat","background-position":"center center","background-size":"auto","background-attachment":"scroll","background-type":"","background-media":"","overlay-type":"","overlay-color":"","overlay-opacity":"","overlay-gradient":""},"tablet":{"background-color":"var(--ast-global-color-5)","background-image":"","background-repeat":"repeat","background-position":"center center","background-size":"auto","background-attachment":"scroll","background-type":"","background-media":"","overlay-type":"","overlay-color":"","overlay-opacity":"","overlay-gradient":""},"mobile":{"background-color":"var(--ast-global-color-5)","background-image":"","background-repeat":"repeat","background-position":"center center","background-size":"auto","background-attachment":"scroll","background-type":"","background-media":"","overlay-type":"","overlay-color":"","overlay-opacity":"","overlay-gradient":""}},"footnotes":""},"categories":[6],"tags":[],"class_list":["post-2848","post","type-post","status-publish","format-standard","hentry","category-ogloszenia"],"yoast_head":"<!-- This site is optimized with the Yoast SEO plugin v27.4 - https:\/\/yoast.com\/product\/yoast-seo-wordpress\/ -->\n<title>Og\u0142oszenia 05 pa\u017adziernik 2025 rok - Parafia pw. MB Nieustaj\u0105cej Pomocy w J\u00f3\u017awikowie<\/title>\n<meta name=\"robots\" content=\"index, follow, max-snippet:-1, max-image-preview:large, max-video-preview:-1\" \/>\n<link rel=\"canonical\" href=\"https:\/\/parafiajozwikow.pl\/index.php\/2025\/10\/04\/ogloszenia-05-pazdziernik-2025-rok\/\" \/>\n<meta property=\"og:locale\" content=\"pl_PL\" \/>\n<meta property=\"og:type\" content=\"article\" \/>\n<meta property=\"og:title\" content=\"Og\u0142oszenia 05 pa\u017adziernik 2025 rok - Parafia pw. MB Nieustaj\u0105cej Pomocy w J\u00f3\u017awikowie\" \/>\n<meta property=\"og:description\" content=\"Dzi\u015b I niedziela miesi\u0105ca, pozdrawiam K\u017bR i prosz\u0119 o modlitw\u0119 za student\u00f3w rozpoczynaj\u0105cych nowy Rok Akademicki, o pok\u00f3j i zgod\u0119, mi\u0142o\u015b\u0107 i sprawiedliwo\u015b\u0107 w naszej Ojczy\u017anie, oraz o wzrost pobo\u017cno\u015bci w naszej parafii. Za tydzie\u0144 w niedziel\u0119 \u2013 jak s\u0142yszeli\u015bmy &#8211; XXV Dzie\u0144 Papieski. Zbierane ofiary do puszki przeznaczymy na stypendia dla student\u00f3w z ma\u0142ych [&hellip;]\" \/>\n<meta property=\"og:url\" content=\"https:\/\/parafiajozwikow.pl\/index.php\/2025\/10\/04\/ogloszenia-05-pazdziernik-2025-rok\/\" \/>\n<meta property=\"og:site_name\" content=\"Parafia pw. MB Nieustaj\u0105cej Pomocy w J\u00f3\u017awikowie\" \/>\n<meta property=\"article:published_time\" content=\"2025-10-04T20:06:33+00:00\" \/>\n<meta property=\"article:modified_time\" content=\"2025-10-04T20:07:38+00:00\" \/>\n<meta name=\"author\" content=\"Parafia31\" \/>\n<meta name=\"twitter:card\" content=\"summary_large_image\" \/>\n<meta name=\"twitter:label1\" content=\"Napisane przez\" \/>\n\t<meta name=\"twitter:data1\" content=\"Parafia31\" \/>\n\t<meta name=\"twitter:label2\" content=\"Szacowany czas czytania\" \/>\n\t<meta name=\"twitter:data2\" content=\"3 minuty\" \/>\n<script type=\"application\/ld+json\" class=\"yoast-schema-graph\">{\"@context\":\"https:\\\/\\\/schema.org\",\"@graph\":[{\"@type\":\"Article\",\"@id\":\"https:\\\/\\\/parafiajozwikow.pl\\\/index.php\\\/2025\\\/10\\\/04\\\/ogloszenia-05-pazdziernik-2025-rok\\\/#article\",\"isPartOf\":{\"@id\":\"https:\\\/\\\/parafiajozwikow.pl\\\/index.php\\\/2025\\\/10\\\/04\\\/ogloszenia-05-pazdziernik-2025-rok\\\/\"},\"author\":{\"name\":\"Parafia31\",\"@id\":\"https:\\\/\\\/parafiajozwikow.pl\\\/#\\\/schema\\\/person\\\/e7f3d7fb6e7074647ae54aa7c502ab68\"},\"headline\":\"Og\u0142oszenia 05 pa\u017adziernik 2025 rok\",\"datePublished\":\"2025-10-04T20:06:33+00:00\",\"dateModified\":\"2025-10-04T20:07:38+00:00\",\"mainEntityOfPage\":{\"@id\":\"https:\\\/\\\/parafiajozwikow.pl\\\/index.php\\\/2025\\\/10\\\/04\\\/ogloszenia-05-pazdziernik-2025-rok\\\/\"},\"wordCount\":440,\"articleSection\":[\"Og\u0142oszenia\"],\"inLanguage\":\"pl-PL\"},{\"@type\":\"WebPage\",\"@id\":\"https:\\\/\\\/parafiajozwikow.pl\\\/index.php\\\/2025\\\/10\\\/04\\\/ogloszenia-05-pazdziernik-2025-rok\\\/\",\"url\":\"https:\\\/\\\/parafiajozwikow.pl\\\/index.php\\\/2025\\\/10\\\/04\\\/ogloszenia-05-pazdziernik-2025-rok\\\/\",\"name\":\"Og\u0142oszenia 05 pa\u017adziernik 2025 rok - Parafia pw. MB Nieustaj\u0105cej Pomocy w J\u00f3\u017awikowie\",\"isPartOf\":{\"@id\":\"https:\\\/\\\/parafiajozwikow.pl\\\/#website\"},\"datePublished\":\"2025-10-04T20:06:33+00:00\",\"dateModified\":\"2025-10-04T20:07:38+00:00\",\"author\":{\"@id\":\"https:\\\/\\\/parafiajozwikow.pl\\\/#\\\/schema\\\/person\\\/e7f3d7fb6e7074647ae54aa7c502ab68\"},\"breadcrumb\":{\"@id\":\"https:\\\/\\\/parafiajozwikow.pl\\\/index.php\\\/2025\\\/10\\\/04\\\/ogloszenia-05-pazdziernik-2025-rok\\\/#breadcrumb\"},\"inLanguage\":\"pl-PL\",\"potentialAction\":[{\"@type\":\"ReadAction\",\"target\":[\"https:\\\/\\\/parafiajozwikow.pl\\\/index.php\\\/2025\\\/10\\\/04\\\/ogloszenia-05-pazdziernik-2025-rok\\\/\"]}]},{\"@type\":\"BreadcrumbList\",\"@id\":\"https:\\\/\\\/parafiajozwikow.pl\\\/index.php\\\/2025\\\/10\\\/04\\\/ogloszenia-05-pazdziernik-2025-rok\\\/#breadcrumb\",\"itemListElement\":[{\"@type\":\"ListItem\",\"position\":1,\"name\":\"Strona g\u0142\u00f3wna\",\"item\":\"https:\\\/\\\/parafiajozwikow.pl\\\/\"},{\"@type\":\"ListItem\",\"position\":2,\"name\":\"Og\u0142oszenia 05 pa\u017adziernik 2025 rok\"}]},{\"@type\":\"WebSite\",\"@id\":\"https:\\\/\\\/parafiajozwikow.pl\\\/#website\",\"url\":\"https:\\\/\\\/parafiajozwikow.pl\\\/\",\"name\":\"Parafia pw. MB Nieustaj\u0105cej Pomocy w J\u00f3\u017awikowie\",\"description\":\"\",\"potentialAction\":[{\"@type\":\"SearchAction\",\"target\":{\"@type\":\"EntryPoint\",\"urlTemplate\":\"https:\\\/\\\/parafiajozwikow.pl\\\/?s={search_term_string}\"},\"query-input\":{\"@type\":\"PropertyValueSpecification\",\"valueRequired\":true,\"valueName\":\"search_term_string\"}}],\"inLanguage\":\"pl-PL\"},{\"@type\":\"Person\",\"@id\":\"https:\\\/\\\/parafiajozwikow.pl\\\/#\\\/schema\\\/person\\\/e7f3d7fb6e7074647ae54aa7c502ab68\",\"name\":\"Parafia31\",\"image\":{\"@type\":\"ImageObject\",\"inLanguage\":\"pl-PL\",\"@id\":\"https:\\\/\\\/secure.gravatar.com\\\/avatar\\\/c037a6915792c85653487888df401463264c2c5701ceb484fd9c9f363c7d9964?s=96&d=mm&r=g\",\"url\":\"https:\\\/\\\/secure.gravatar.com\\\/avatar\\\/c037a6915792c85653487888df401463264c2c5701ceb484fd9c9f363c7d9964?s=96&d=mm&r=g\",\"contentUrl\":\"https:\\\/\\\/secure.gravatar.com\\\/avatar\\\/c037a6915792c85653487888df401463264c2c5701ceb484fd9c9f363c7d9964?s=96&d=mm&r=g\",\"caption\":\"Parafia31\"},\"sameAs\":[\"http:\\\/\\\/parafiajozwikow.pl\"],\"url\":\"https:\\\/\\\/parafiajozwikow.pl\\\/index.php\\\/author\\\/parafia31\\\/\"}]}<\/script>\n<!-- \/ Yoast SEO plugin. -->","yoast_head_json":{"title":"Og\u0142oszenia 05 pa\u017adziernik 2025 rok - Parafia pw. MB Nieustaj\u0105cej Pomocy w J\u00f3\u017awikowie","robots":{"index":"index","follow":"follow","max-snippet":"max-snippet:-1","max-image-preview":"max-image-preview:large","max-video-preview":"max-video-preview:-1"},"canonical":"https:\/\/parafiajozwikow.pl\/index.php\/2025\/10\/04\/ogloszenia-05-pazdziernik-2025-rok\/","og_locale":"pl_PL","og_type":"article","og_title":"Og\u0142oszenia 05 pa\u017adziernik 2025 rok - Parafia pw. MB Nieustaj\u0105cej Pomocy w J\u00f3\u017awikowie","og_description":"Dzi\u015b I niedziela miesi\u0105ca, pozdrawiam K\u017bR i prosz\u0119 o modlitw\u0119 za student\u00f3w rozpoczynaj\u0105cych nowy Rok Akademicki, o pok\u00f3j i zgod\u0119, mi\u0142o\u015b\u0107 i sprawiedliwo\u015b\u0107 w naszej Ojczy\u017anie, oraz o wzrost pobo\u017cno\u015bci w naszej parafii. Za tydzie\u0144 w niedziel\u0119 \u2013 jak s\u0142yszeli\u015bmy &#8211; XXV Dzie\u0144 Papieski. Zbierane ofiary do puszki przeznaczymy na stypendia dla student\u00f3w z ma\u0142ych [&hellip;]","og_url":"https:\/\/parafiajozwikow.pl\/index.php\/2025\/10\/04\/ogloszenia-05-pazdziernik-2025-rok\/","og_site_name":"Parafia pw. MB Nieustaj\u0105cej Pomocy w J\u00f3\u017awikowie","article_published_time":"2025-10-04T20:06:33+00:00","article_modified_time":"2025-10-04T20:07:38+00:00","author":"Parafia31","twitter_card":"summary_large_image","twitter_misc":{"Napisane przez":"Parafia31","Szacowany czas czytania":"3 minuty"},"schema":{"@context":"https:\/\/schema.org","@graph":[{"@type":"Article","@id":"https:\/\/parafiajozwikow.pl\/index.php\/2025\/10\/04\/ogloszenia-05-pazdziernik-2025-rok\/#article","isPartOf":{"@id":"https:\/\/parafiajozwikow.pl\/index.php\/2025\/10\/04\/ogloszenia-05-pazdziernik-2025-rok\/"},"author":{"name":"Parafia31","@id":"https:\/\/parafiajozwikow.pl\/#\/schema\/person\/e7f3d7fb6e7074647ae54aa7c502ab68"},"headline":"Og\u0142oszenia 05 pa\u017adziernik 2025 rok","datePublished":"2025-10-04T20:06:33+00:00","dateModified":"2025-10-04T20:07:38+00:00","mainEntityOfPage":{"@id":"https:\/\/parafiajozwikow.pl\/index.php\/2025\/10\/04\/ogloszenia-05-pazdziernik-2025-rok\/"},"wordCount":440,"articleSection":["Og\u0142oszenia"],"inLanguage":"pl-PL"},{"@type":"WebPage","@id":"https:\/\/parafiajozwikow.pl\/index.php\/2025\/10\/04\/ogloszenia-05-pazdziernik-2025-rok\/","url":"https:\/\/parafiajozwikow.pl\/index.php\/2025\/10\/04\/ogloszenia-05-pazdziernik-2025-rok\/","name":"Og\u0142oszenia 05 pa\u017adziernik 2025 rok - Parafia pw. MB Nieustaj\u0105cej Pomocy w J\u00f3\u017awikowie","isPartOf":{"@id":"https:\/\/parafiajozwikow.pl\/#website"},"datePublished":"2025-10-04T20:06:33+00:00","dateModified":"2025-10-04T20:07:38+00:00","author":{"@id":"https:\/\/parafiajozwikow.pl\/#\/schema\/person\/e7f3d7fb6e7074647ae54aa7c502ab68"},"breadcrumb":{"@id":"https:\/\/parafiajozwikow.pl\/index.php\/2025\/10\/04\/ogloszenia-05-pazdziernik-2025-rok\/#breadcrumb"},"inLanguage":"pl-PL","potentialAction":[{"@type":"ReadAction","target":["https:\/\/parafiajozwikow.pl\/index.php\/2025\/10\/04\/ogloszenia-05-pazdziernik-2025-rok\/"]}]},{"@type":"BreadcrumbList","@id":"https:\/\/parafiajozwikow.pl\/index.php\/2025\/10\/04\/ogloszenia-05-pazdziernik-2025-rok\/#breadcrumb","itemListElement":[{"@type":"ListItem","position":1,"name":"Strona g\u0142\u00f3wna","item":"https:\/\/parafiajozwikow.pl\/"},{"@type":"ListItem","position":2,"name":"Og\u0142oszenia 05 pa\u017adziernik 2025 rok"}]},{"@type":"WebSite","@id":"https:\/\/parafiajozwikow.pl\/#website","url":"https:\/\/parafiajozwikow.pl\/","name":"Parafia pw. MB Nieustaj\u0105cej Pomocy w J\u00f3\u017awikowie","description":"","potentialAction":[{"@type":"SearchAction","target":{"@type":"EntryPoint","urlTemplate":"https:\/\/parafiajozwikow.pl\/?s={search_term_string}"},"query-input":{"@type":"PropertyValueSpecification","valueRequired":true,"valueName":"search_term_string"}}],"inLanguage":"pl-PL"},{"@type":"Person","@id":"https:\/\/parafiajozwikow.pl\/#\/schema\/person\/e7f3d7fb6e7074647ae54aa7c502ab68","name":"Parafia31","image":{"@type":"ImageObject","inLanguage":"pl-PL","@id":"https:\/\/secure.gravatar.com\/avatar\/c037a6915792c85653487888df401463264c2c5701ceb484fd9c9f363c7d9964?s=96&d=mm&r=g","url":"https:\/\/secure.gravatar.com\/avatar\/c037a6915792c85653487888df401463264c2c5701ceb484fd9c9f363c7d9964?s=96&d=mm&r=g","contentUrl":"https:\/\/secure.gravatar.com\/avatar\/c037a6915792c85653487888df401463264c2c5701ceb484fd9c9f363c7d9964?s=96&d=mm&r=g","caption":"Parafia31"},"sameAs":["http:\/\/parafiajozwikow.pl"],"url":"https:\/\/parafiajozwikow.pl\/index.php\/author\/parafia31\/"}]}},"_links":{"self":[{"href":"https:\/\/parafiajozwikow.pl\/index.php\/wp-json\/wp\/v2\/posts\/2848","targetHints":{"allow":["GET"]}}],"collection":[{"href":"https:\/\/parafiajozwikow.pl\/index.php\/wp-json\/wp\/v2\/posts"}],"about":[{"href":"https:\/\/parafiajozwikow.pl\/index.php\/wp-json\/wp\/v2\/types\/post"}],"author":[{"embeddable":true,"href":"https:\/\/parafiajozwikow.pl\/index.php\/wp-json\/wp\/v2\/users\/1"}],"replies":[{"embeddable":true,"href":"https:\/\/parafiajozwikow.pl\/index.php\/wp-json\/wp\/v2\/comments?post=2848"}],"version-history":[{"count":7,"href":"https:\/\/parafiajozwikow.pl\/index.php\/wp-json\/wp\/v2\/posts\/2848\/revisions"}],"predecessor-version":[{"id":2855,"href":"https:\/\/parafiajozwikow.pl\/index.php\/wp-json\/wp\/v2\/posts\/2848\/revisions\/2855"}],"wp:attachment":[{"href":"https:\/\/parafiajozwikow.pl\/index.php\/wp-json\/wp\/v2\/media?parent=2848"}],"wp:term":[{"taxonomy":"category","embeddable":true,"href":"https:\/\/parafiajozwikow.pl\/index.php\/wp-json\/wp\/v2\/categories?post=2848"},{"taxonomy":"post_tag","embeddable":true,"href":"https:\/\/parafiajozwikow.pl\/index.php\/wp-json\/wp\/v2\/tags?post=2848"}],"curies":[{"name":"wp","href":"https:\/\/api.w.org\/{rel}","templated":true}]}}