{"id":2689,"date":"2025-08-17T07:58:24","date_gmt":"2025-08-17T07:58:24","guid":{"rendered":"https:\/\/parafiajozwikow.pl\/?p=2689"},"modified":"2025-08-17T08:02:37","modified_gmt":"2025-08-17T08:02:37","slug":"intencje-mszalne-18-24-08-2025","status":"publish","type":"post","link":"https:\/\/parafiajozwikow.pl\/index.php\/2025\/08\/17\/intencje-mszalne-18-24-08-2025\/","title":{"rendered":"Intencje mszalne 18-24.08.2025"},"content":{"rendered":"\t\t<div data-elementor-type=\"wp-post\" data-elementor-id=\"2689\" class=\"elementor elementor-2689\">\n\t\t\t\t\t\t<section class=\"elementor-section elementor-top-section elementor-element elementor-element-56667be elementor-section-boxed elementor-section-height-default elementor-section-height-default\" data-id=\"56667be\" data-element_type=\"section\" data-e-type=\"section\">\n\t\t\t\t\t\t<div class=\"elementor-container elementor-column-gap-default\">\n\t\t\t\t\t<div class=\"elementor-column elementor-col-100 elementor-top-column elementor-element elementor-element-d21d0d7\" data-id=\"d21d0d7\" data-element_type=\"column\" data-e-type=\"column\">\n\t\t\t<div class=\"elementor-widget-wrap elementor-element-populated\">\n\t\t\t\t\t\t<div class=\"elementor-element elementor-element-07d063a elementor-widget elementor-widget-text-editor\" data-id=\"07d063a\" data-element_type=\"widget\" data-e-type=\"widget\" data-widget_type=\"text-editor.default\">\n\t\t\t\t<div class=\"elementor-widget-container\">\n\t\t\t\t\t\t\t\t\t<h6>PONIEDZIA\u0141EK 18.08.25r.<\/h6><p><strong>Godzina 17.00.<\/strong> Msza \u015bw. poza parafi\u0105.<\/p><p>\u00a0<\/p><h6>WTOREK 19.08.25r.<\/h6><p><strong>Godzina 08.00.<\/strong> Msza \u015bw. poza parafi\u0105.<\/p><p>\u00a0<\/p><h6>\u015aRODA 20.08.25r. \u015bw. Bernarda<\/h6><p><strong>Godzina 17.00.<\/strong> Msza \u015bw. poza parafi\u0105.<\/p><p>\u00a0<\/p><h6>CZWARTEK 21.08.25r. \u015bw. Piusa X<\/h6><p><strong>Godzina 08.00.<\/strong> Msza \u015bw. poza parafi\u0105.<\/p><p>\u00a0<\/p><h6>PI\u0104TEK 22.08.25r. NMP Kr\u00f3lowej<\/h6><p><strong>Godzina 17.00.<\/strong> Msza \u015bw. poza parafi\u0105.<\/p><p>\u00a0<\/p><h6>SOBOTA 23.08.25r<\/h6><p><strong>Godzina 08.00.<\/strong> O b\u0142og. Bo\u017ce i potrzebne \u0142aski dla Adama Bujaka w 88 rocz.ur.<\/p><p>\u00a0<\/p><h6><span style=\"color: #ff0000;\">XXI NIEDZIELA zwyk\u0142a 24.08.2025r<\/span><\/h6><p><strong>Godzina 09.00.<\/strong> O zdrowie, potrzebne \u0142aski i opiek\u0119 MB Nieustaj\u0105cej Pomocy dla Huberta El\u017cbiety i Grzegorza So\u0142tys\u00f3w.<\/p>\t\t\t\t\t\t\t\t<\/div>\n\t\t\t\t<\/div>\n\t\t\t\t\t<\/div>\n\t\t<\/div>\n\t\t\t\t\t<\/div>\n\t\t<\/section>\n\t\t\t\t<\/div>\n\t\t","protected":false},"excerpt":{"rendered":"<p>PONIEDZIA\u0141EK 18.08.25r. Godzina 17.00. Msza \u015bw. poza parafi\u0105. \u00a0 WTOREK 19.08.25r. Godzina 08.00. Msza \u015bw. poza parafi\u0105. \u00a0 \u015aRODA 20.08.25r. \u015bw. Bernarda Godzina 17.00. Msza \u015bw. poza parafi\u0105. \u00a0 CZWARTEK 21.08.25r. \u015bw. Piusa X Godzina 08.00. Msza \u015bw. poza parafi\u0105. \u00a0 PI\u0104TEK 22.08.25r. NMP Kr\u00f3lowej Godzina 17.00. Msza \u015bw. poza parafi\u0105. \u00a0 SOBOTA 23.08.25r Godzina [&hellip;]<\/p>\n","protected":false},"author":1,"featured_media":0,"comment_status":"closed","ping_status":"closed","sticky":false,"template":"","format":"standard","meta":{"site-sidebar-layout":"default","site-content-layout":"","ast-site-content-layout":"default","site-content-style":"default","site-sidebar-style":"default","ast-global-header-display":"","ast-banner-title-visibility":"","ast-main-header-display":"","ast-hfb-above-header-display":"","ast-hfb-below-header-display":"","ast-hfb-mobile-header-display":"","site-post-title":"","ast-breadcrumbs-content":"","ast-featured-img":"","footer-sml-layout":"","ast-disable-related-posts":"","theme-transparent-header-meta":"","adv-header-id-meta":"","stick-header-meta":"","header-above-stick-meta":"","header-main-stick-meta":"","header-below-stick-meta":"","astra-migrate-meta-layouts":"set","ast-page-background-enabled":"default","ast-page-background-meta":{"desktop":{"background-color":"var(--ast-global-color-4)","background-image":"","background-repeat":"repeat","background-position":"center center","background-size":"auto","background-attachment":"scroll","background-type":"","background-media":"","overlay-type":"","overlay-color":"","overlay-opacity":"","overlay-gradient":""},"tablet":{"background-color":"","background-image":"","background-repeat":"repeat","background-position":"center center","background-size":"auto","background-attachment":"scroll","background-type":"","background-media":"","overlay-type":"","overlay-color":"","overlay-opacity":"","overlay-gradient":""},"mobile":{"background-color":"","background-image":"","background-repeat":"repeat","background-position":"center center","background-size":"auto","background-attachment":"scroll","background-type":"","background-media":"","overlay-type":"","overlay-color":"","overlay-opacity":"","overlay-gradient":""}},"ast-content-background-meta":{"desktop":{"background-color":"var(--ast-global-color-5)","background-image":"","background-repeat":"repeat","background-position":"center center","background-size":"auto","background-attachment":"scroll","background-type":"","background-media":"","overlay-type":"","overlay-color":"","overlay-opacity":"","overlay-gradient":""},"tablet":{"background-color":"var(--ast-global-color-5)","background-image":"","background-repeat":"repeat","background-position":"center center","background-size":"auto","background-attachment":"scroll","background-type":"","background-media":"","overlay-type":"","overlay-color":"","overlay-opacity":"","overlay-gradient":""},"mobile":{"background-color":"var(--ast-global-color-5)","background-image":"","background-repeat":"repeat","background-position":"center center","background-size":"auto","background-attachment":"scroll","background-type":"","background-media":"","overlay-type":"","overlay-color":"","overlay-opacity":"","overlay-gradient":""}},"footnotes":""},"categories":[7],"tags":[],"class_list":["post-2689","post","type-post","status-publish","format-standard","hentry","category-intencje"],"yoast_head":"<!-- This site is optimized with the Yoast SEO plugin v27.4 - https:\/\/yoast.com\/product\/yoast-seo-wordpress\/ -->\n<title>Intencje mszalne 18-24.08.2025 - Parafia pw. MB Nieustaj\u0105cej Pomocy w J\u00f3\u017awikowie<\/title>\n<meta name=\"robots\" content=\"index, follow, max-snippet:-1, max-image-preview:large, max-video-preview:-1\" \/>\n<link rel=\"canonical\" href=\"https:\/\/parafiajozwikow.pl\/index.php\/2025\/08\/17\/intencje-mszalne-18-24-08-2025\/\" \/>\n<meta property=\"og:locale\" content=\"pl_PL\" \/>\n<meta property=\"og:type\" content=\"article\" \/>\n<meta property=\"og:title\" content=\"Intencje mszalne 18-24.08.2025 - Parafia pw. MB Nieustaj\u0105cej Pomocy w J\u00f3\u017awikowie\" \/>\n<meta property=\"og:description\" content=\"PONIEDZIA\u0141EK 18.08.25r. Godzina 17.00. Msza \u015bw. poza parafi\u0105. \u00a0 WTOREK 19.08.25r. Godzina 08.00. Msza \u015bw. poza parafi\u0105. \u00a0 \u015aRODA 20.08.25r. \u015bw. Bernarda Godzina 17.00. Msza \u015bw. poza parafi\u0105. \u00a0 CZWARTEK 21.08.25r. \u015bw. Piusa X Godzina 08.00. Msza \u015bw. poza parafi\u0105. \u00a0 PI\u0104TEK 22.08.25r. NMP Kr\u00f3lowej Godzina 17.00. Msza \u015bw. poza parafi\u0105. \u00a0 SOBOTA 23.08.25r Godzina [&hellip;]\" \/>\n<meta property=\"og:url\" content=\"https:\/\/parafiajozwikow.pl\/index.php\/2025\/08\/17\/intencje-mszalne-18-24-08-2025\/\" \/>\n<meta property=\"og:site_name\" content=\"Parafia pw. MB Nieustaj\u0105cej Pomocy w J\u00f3\u017awikowie\" \/>\n<meta property=\"article:published_time\" content=\"2025-08-17T07:58:24+00:00\" \/>\n<meta property=\"article:modified_time\" content=\"2025-08-17T08:02:37+00:00\" \/>\n<meta name=\"author\" content=\"Parafia31\" \/>\n<meta name=\"twitter:card\" content=\"summary_large_image\" \/>\n<meta name=\"twitter:label1\" content=\"Napisane przez\" \/>\n\t<meta name=\"twitter:data1\" content=\"Parafia31\" \/>\n\t<meta name=\"twitter:label2\" content=\"Szacowany czas czytania\" \/>\n\t<meta name=\"twitter:data2\" content=\"1 minuta\" \/>\n<script type=\"application\/ld+json\" class=\"yoast-schema-graph\">{\"@context\":\"https:\\\/\\\/schema.org\",\"@graph\":[{\"@type\":\"Article\",\"@id\":\"https:\\\/\\\/parafiajozwikow.pl\\\/index.php\\\/2025\\\/08\\\/17\\\/intencje-mszalne-18-24-08-2025\\\/#article\",\"isPartOf\":{\"@id\":\"https:\\\/\\\/parafiajozwikow.pl\\\/index.php\\\/2025\\\/08\\\/17\\\/intencje-mszalne-18-24-08-2025\\\/\"},\"author\":{\"name\":\"Parafia31\",\"@id\":\"https:\\\/\\\/parafiajozwikow.pl\\\/#\\\/schema\\\/person\\\/e7f3d7fb6e7074647ae54aa7c502ab68\"},\"headline\":\"Intencje mszalne 18-24.08.2025\",\"datePublished\":\"2025-08-17T07:58:24+00:00\",\"dateModified\":\"2025-08-17T08:02:37+00:00\",\"mainEntityOfPage\":{\"@id\":\"https:\\\/\\\/parafiajozwikow.pl\\\/index.php\\\/2025\\\/08\\\/17\\\/intencje-mszalne-18-24-08-2025\\\/\"},\"wordCount\":90,\"articleSection\":[\"Intencje\"],\"inLanguage\":\"pl-PL\"},{\"@type\":\"WebPage\",\"@id\":\"https:\\\/\\\/parafiajozwikow.pl\\\/index.php\\\/2025\\\/08\\\/17\\\/intencje-mszalne-18-24-08-2025\\\/\",\"url\":\"https:\\\/\\\/parafiajozwikow.pl\\\/index.php\\\/2025\\\/08\\\/17\\\/intencje-mszalne-18-24-08-2025\\\/\",\"name\":\"Intencje mszalne 18-24.08.2025 - Parafia pw. MB Nieustaj\u0105cej Pomocy w J\u00f3\u017awikowie\",\"isPartOf\":{\"@id\":\"https:\\\/\\\/parafiajozwikow.pl\\\/#website\"},\"datePublished\":\"2025-08-17T07:58:24+00:00\",\"dateModified\":\"2025-08-17T08:02:37+00:00\",\"author\":{\"@id\":\"https:\\\/\\\/parafiajozwikow.pl\\\/#\\\/schema\\\/person\\\/e7f3d7fb6e7074647ae54aa7c502ab68\"},\"breadcrumb\":{\"@id\":\"https:\\\/\\\/parafiajozwikow.pl\\\/index.php\\\/2025\\\/08\\\/17\\\/intencje-mszalne-18-24-08-2025\\\/#breadcrumb\"},\"inLanguage\":\"pl-PL\",\"potentialAction\":[{\"@type\":\"ReadAction\",\"target\":[\"https:\\\/\\\/parafiajozwikow.pl\\\/index.php\\\/2025\\\/08\\\/17\\\/intencje-mszalne-18-24-08-2025\\\/\"]}]},{\"@type\":\"BreadcrumbList\",\"@id\":\"https:\\\/\\\/parafiajozwikow.pl\\\/index.php\\\/2025\\\/08\\\/17\\\/intencje-mszalne-18-24-08-2025\\\/#breadcrumb\",\"itemListElement\":[{\"@type\":\"ListItem\",\"position\":1,\"name\":\"Strona g\u0142\u00f3wna\",\"item\":\"https:\\\/\\\/parafiajozwikow.pl\\\/\"},{\"@type\":\"ListItem\",\"position\":2,\"name\":\"Intencje mszalne 18-24.08.2025\"}]},{\"@type\":\"WebSite\",\"@id\":\"https:\\\/\\\/parafiajozwikow.pl\\\/#website\",\"url\":\"https:\\\/\\\/parafiajozwikow.pl\\\/\",\"name\":\"Parafia pw. MB Nieustaj\u0105cej Pomocy w J\u00f3\u017awikowie\",\"description\":\"\",\"potentialAction\":[{\"@type\":\"SearchAction\",\"target\":{\"@type\":\"EntryPoint\",\"urlTemplate\":\"https:\\\/\\\/parafiajozwikow.pl\\\/?s={search_term_string}\"},\"query-input\":{\"@type\":\"PropertyValueSpecification\",\"valueRequired\":true,\"valueName\":\"search_term_string\"}}],\"inLanguage\":\"pl-PL\"},{\"@type\":\"Person\",\"@id\":\"https:\\\/\\\/parafiajozwikow.pl\\\/#\\\/schema\\\/person\\\/e7f3d7fb6e7074647ae54aa7c502ab68\",\"name\":\"Parafia31\",\"image\":{\"@type\":\"ImageObject\",\"inLanguage\":\"pl-PL\",\"@id\":\"https:\\\/\\\/secure.gravatar.com\\\/avatar\\\/c037a6915792c85653487888df401463264c2c5701ceb484fd9c9f363c7d9964?s=96&d=mm&r=g\",\"url\":\"https:\\\/\\\/secure.gravatar.com\\\/avatar\\\/c037a6915792c85653487888df401463264c2c5701ceb484fd9c9f363c7d9964?s=96&d=mm&r=g\",\"contentUrl\":\"https:\\\/\\\/secure.gravatar.com\\\/avatar\\\/c037a6915792c85653487888df401463264c2c5701ceb484fd9c9f363c7d9964?s=96&d=mm&r=g\",\"caption\":\"Parafia31\"},\"sameAs\":[\"http:\\\/\\\/parafiajozwikow.pl\"],\"url\":\"https:\\\/\\\/parafiajozwikow.pl\\\/index.php\\\/author\\\/parafia31\\\/\"}]}<\/script>\n<!-- \/ Yoast SEO plugin. -->","yoast_head_json":{"title":"Intencje mszalne 18-24.08.2025 - Parafia pw. MB Nieustaj\u0105cej Pomocy w J\u00f3\u017awikowie","robots":{"index":"index","follow":"follow","max-snippet":"max-snippet:-1","max-image-preview":"max-image-preview:large","max-video-preview":"max-video-preview:-1"},"canonical":"https:\/\/parafiajozwikow.pl\/index.php\/2025\/08\/17\/intencje-mszalne-18-24-08-2025\/","og_locale":"pl_PL","og_type":"article","og_title":"Intencje mszalne 18-24.08.2025 - Parafia pw. MB Nieustaj\u0105cej Pomocy w J\u00f3\u017awikowie","og_description":"PONIEDZIA\u0141EK 18.08.25r. Godzina 17.00. Msza \u015bw. poza parafi\u0105. \u00a0 WTOREK 19.08.25r. Godzina 08.00. Msza \u015bw. poza parafi\u0105. \u00a0 \u015aRODA 20.08.25r. \u015bw. Bernarda Godzina 17.00. Msza \u015bw. poza parafi\u0105. \u00a0 CZWARTEK 21.08.25r. \u015bw. Piusa X Godzina 08.00. Msza \u015bw. poza parafi\u0105. \u00a0 PI\u0104TEK 22.08.25r. NMP Kr\u00f3lowej Godzina 17.00. Msza \u015bw. poza parafi\u0105. \u00a0 SOBOTA 23.08.25r Godzina [&hellip;]","og_url":"https:\/\/parafiajozwikow.pl\/index.php\/2025\/08\/17\/intencje-mszalne-18-24-08-2025\/","og_site_name":"Parafia pw. MB Nieustaj\u0105cej Pomocy w J\u00f3\u017awikowie","article_published_time":"2025-08-17T07:58:24+00:00","article_modified_time":"2025-08-17T08:02:37+00:00","author":"Parafia31","twitter_card":"summary_large_image","twitter_misc":{"Napisane przez":"Parafia31","Szacowany czas czytania":"1 minuta"},"schema":{"@context":"https:\/\/schema.org","@graph":[{"@type":"Article","@id":"https:\/\/parafiajozwikow.pl\/index.php\/2025\/08\/17\/intencje-mszalne-18-24-08-2025\/#article","isPartOf":{"@id":"https:\/\/parafiajozwikow.pl\/index.php\/2025\/08\/17\/intencje-mszalne-18-24-08-2025\/"},"author":{"name":"Parafia31","@id":"https:\/\/parafiajozwikow.pl\/#\/schema\/person\/e7f3d7fb6e7074647ae54aa7c502ab68"},"headline":"Intencje mszalne 18-24.08.2025","datePublished":"2025-08-17T07:58:24+00:00","dateModified":"2025-08-17T08:02:37+00:00","mainEntityOfPage":{"@id":"https:\/\/parafiajozwikow.pl\/index.php\/2025\/08\/17\/intencje-mszalne-18-24-08-2025\/"},"wordCount":90,"articleSection":["Intencje"],"inLanguage":"pl-PL"},{"@type":"WebPage","@id":"https:\/\/parafiajozwikow.pl\/index.php\/2025\/08\/17\/intencje-mszalne-18-24-08-2025\/","url":"https:\/\/parafiajozwikow.pl\/index.php\/2025\/08\/17\/intencje-mszalne-18-24-08-2025\/","name":"Intencje mszalne 18-24.08.2025 - Parafia pw. MB Nieustaj\u0105cej Pomocy w J\u00f3\u017awikowie","isPartOf":{"@id":"https:\/\/parafiajozwikow.pl\/#website"},"datePublished":"2025-08-17T07:58:24+00:00","dateModified":"2025-08-17T08:02:37+00:00","author":{"@id":"https:\/\/parafiajozwikow.pl\/#\/schema\/person\/e7f3d7fb6e7074647ae54aa7c502ab68"},"breadcrumb":{"@id":"https:\/\/parafiajozwikow.pl\/index.php\/2025\/08\/17\/intencje-mszalne-18-24-08-2025\/#breadcrumb"},"inLanguage":"pl-PL","potentialAction":[{"@type":"ReadAction","target":["https:\/\/parafiajozwikow.pl\/index.php\/2025\/08\/17\/intencje-mszalne-18-24-08-2025\/"]}]},{"@type":"BreadcrumbList","@id":"https:\/\/parafiajozwikow.pl\/index.php\/2025\/08\/17\/intencje-mszalne-18-24-08-2025\/#breadcrumb","itemListElement":[{"@type":"ListItem","position":1,"name":"Strona g\u0142\u00f3wna","item":"https:\/\/parafiajozwikow.pl\/"},{"@type":"ListItem","position":2,"name":"Intencje mszalne 18-24.08.2025"}]},{"@type":"WebSite","@id":"https:\/\/parafiajozwikow.pl\/#website","url":"https:\/\/parafiajozwikow.pl\/","name":"Parafia pw. MB Nieustaj\u0105cej Pomocy w J\u00f3\u017awikowie","description":"","potentialAction":[{"@type":"SearchAction","target":{"@type":"EntryPoint","urlTemplate":"https:\/\/parafiajozwikow.pl\/?s={search_term_string}"},"query-input":{"@type":"PropertyValueSpecification","valueRequired":true,"valueName":"search_term_string"}}],"inLanguage":"pl-PL"},{"@type":"Person","@id":"https:\/\/parafiajozwikow.pl\/#\/schema\/person\/e7f3d7fb6e7074647ae54aa7c502ab68","name":"Parafia31","image":{"@type":"ImageObject","inLanguage":"pl-PL","@id":"https:\/\/secure.gravatar.com\/avatar\/c037a6915792c85653487888df401463264c2c5701ceb484fd9c9f363c7d9964?s=96&d=mm&r=g","url":"https:\/\/secure.gravatar.com\/avatar\/c037a6915792c85653487888df401463264c2c5701ceb484fd9c9f363c7d9964?s=96&d=mm&r=g","contentUrl":"https:\/\/secure.gravatar.com\/avatar\/c037a6915792c85653487888df401463264c2c5701ceb484fd9c9f363c7d9964?s=96&d=mm&r=g","caption":"Parafia31"},"sameAs":["http:\/\/parafiajozwikow.pl"],"url":"https:\/\/parafiajozwikow.pl\/index.php\/author\/parafia31\/"}]}},"_links":{"self":[{"href":"https:\/\/parafiajozwikow.pl\/index.php\/wp-json\/wp\/v2\/posts\/2689","targetHints":{"allow":["GET"]}}],"collection":[{"href":"https:\/\/parafiajozwikow.pl\/index.php\/wp-json\/wp\/v2\/posts"}],"about":[{"href":"https:\/\/parafiajozwikow.pl\/index.php\/wp-json\/wp\/v2\/types\/post"}],"author":[{"embeddable":true,"href":"https:\/\/parafiajozwikow.pl\/index.php\/wp-json\/wp\/v2\/users\/1"}],"replies":[{"embeddable":true,"href":"https:\/\/parafiajozwikow.pl\/index.php\/wp-json\/wp\/v2\/comments?post=2689"}],"version-history":[{"count":7,"href":"https:\/\/parafiajozwikow.pl\/index.php\/wp-json\/wp\/v2\/posts\/2689\/revisions"}],"predecessor-version":[{"id":2696,"href":"https:\/\/parafiajozwikow.pl\/index.php\/wp-json\/wp\/v2\/posts\/2689\/revisions\/2696"}],"wp:attachment":[{"href":"https:\/\/parafiajozwikow.pl\/index.php\/wp-json\/wp\/v2\/media?parent=2689"}],"wp:term":[{"taxonomy":"category","embeddable":true,"href":"https:\/\/parafiajozwikow.pl\/index.php\/wp-json\/wp\/v2\/categories?post=2689"},{"taxonomy":"post_tag","embeddable":true,"href":"https:\/\/parafiajozwikow.pl\/index.php\/wp-json\/wp\/v2\/tags?post=2689"}],"curies":[{"name":"wp","href":"https:\/\/api.w.org\/{rel}","templated":true}]}}