{"id":2231,"date":"2025-04-06T10:59:04","date_gmt":"2025-04-06T10:59:04","guid":{"rendered":"https:\/\/parafiajozwikow.pl\/?p=2231"},"modified":"2025-04-06T11:01:32","modified_gmt":"2025-04-06T11:01:32","slug":"rekolekcje-wielkopostne","status":"publish","type":"post","link":"https:\/\/parafiajozwikow.pl\/index.php\/2025\/04\/06\/rekolekcje-wielkopostne\/","title":{"rendered":"Rekolekcje Wielkopostne"},"content":{"rendered":"\t\t<div data-elementor-type=\"wp-post\" data-elementor-id=\"2231\" class=\"elementor elementor-2231\">\n\t\t\t\t\t\t<section class=\"elementor-section elementor-top-section elementor-element elementor-element-2aba202 elementor-section-boxed elementor-section-height-default elementor-section-height-default\" data-id=\"2aba202\" data-element_type=\"section\" data-e-type=\"section\">\n\t\t\t\t\t\t<div class=\"elementor-container elementor-column-gap-default\">\n\t\t\t\t\t<div class=\"elementor-column elementor-col-100 elementor-top-column elementor-element elementor-element-76e4aeb\" data-id=\"76e4aeb\" data-element_type=\"column\" data-e-type=\"column\">\n\t\t\t<div class=\"elementor-widget-wrap elementor-element-populated\">\n\t\t\t\t\t\t<div class=\"elementor-element elementor-element-6310157 elementor-widget elementor-widget-text-editor\" data-id=\"6310157\" data-element_type=\"widget\" data-e-type=\"widget\" data-widget_type=\"text-editor.default\">\n\t\t\t\t<div class=\"elementor-widget-container\">\n\t\t\t\t\t\t\t\t\t<h5 style=\"text-align: center;\"><span style=\"color: #000080;\">REKOLEKCJE WIELKOPOSTNE\u00a0<\/span><\/h5><p style=\"text-align: center;\"><span style=\"color: #333399;\"><b><i>w par. pw. NMP Nieustaj\u0105cej Pomocy i \u015bw. Micha\u0142a Archanio\u0142a<\/i><\/b>\u00a0<b><i>\u00a0<\/i><\/b><\/span><\/p><p style=\"text-align: center;\"><span style=\"color: #333399;\"><b><i>w J\u00f3\u017awikowie<\/i><\/b>\u00a0<\/span><\/p><p style=\"text-align: center;\"><span style=\"color: #ff0000;\"><b><i>06 \u2013 09\u00a0 kwietnia 2022 roku<\/i><\/b>\u00a0<\/span><\/p><h6 style=\"text-align: center;\"><b><span data-contrast=\"auto\">06.04.2025r. niedziela<\/span><\/b><span data-ccp-props=\"{&quot;335551550&quot;:2,&quot;335551620&quot;:2,&quot;335559739&quot;:0}\">\u00a0<\/span><\/h6><p style=\"text-align: center;\"><strong>09.00\u00a0 &gt;<\/strong> <span data-contrast=\"auto\">Msza \u015bw. z nauk\u0105 og\u00f3ln\u0105.<\/span><span data-ccp-props=\"{&quot;335551550&quot;:2,&quot;335551620&quot;:2,&quot;335559739&quot;:0}\">\u00a0<\/span><\/p><p style=\"text-align: center;\"><strong>12.00<\/strong><span data-contrast=\"auto\"><strong>\u00a0 &gt;<\/strong> Msza \u015bw. z nauk\u0105 og\u00f3ln\u0105.<\/span><span data-ccp-props=\"{&quot;335551550&quot;:2,&quot;335551620&quot;:2,&quot;335559739&quot;:0}\">\u00a0<\/span><\/p><p style=\"text-align: center;\"><i><span data-contrast=\"auto\">Gorzkie \u017bale<\/span><\/i><span data-ccp-props=\"{&quot;335551550&quot;:2,&quot;335551620&quot;:2,&quot;335559739&quot;:0}\">\u00a0<\/span><\/p><h6 style=\"text-align: center;\"><b><span data-contrast=\"auto\">07.04.2025r. poniedzia\u0142ek<\/span><\/b><span data-ccp-props=\"{&quot;335551550&quot;:2,&quot;335551620&quot;:2,&quot;335559739&quot;:0}\">\u00a0<\/span><\/h6><p style=\"text-align: center;\"><b><span data-contrast=\"auto\">17.<\/span><\/b><b><span data-contrast=\"auto\">00<\/span><\/b><b><span data-contrast=\"auto\">\u00a0 &gt;\u00a0 <\/span><\/b><span data-contrast=\"auto\">Msza \u015bw.<\/span><b><span data-contrast=\"auto\">\u00a0 <\/span><\/b><span data-contrast=\"auto\">z nauk\u0105 og\u00f3ln\u0105.<\/span><span data-ccp-props=\"{&quot;335551550&quot;:2,&quot;335551620&quot;:2,&quot;335559739&quot;:0}\">\u00a0<\/span><\/p><h6 style=\"text-align: center;\"><b><span data-contrast=\"auto\">08.04.2022r. wtorek<\/span><\/b><span data-ccp-props=\"{&quot;335551550&quot;:2,&quot;335551620&quot;:2,&quot;335559739&quot;:0}\">\u00a0<\/span><\/h6><p style=\"text-align: center;\"><b><span data-contrast=\"auto\">09.<\/span><\/b><b><span data-contrast=\"auto\">00<\/span><\/b><b><span data-contrast=\"auto\">\u00a0 &gt;\u00a0 <\/span><\/b><span data-contrast=\"auto\">Msza \u015bw.<\/span><b><span data-contrast=\"auto\">\u00a0 <\/span><\/b><span data-contrast=\"auto\">z nauk\u0105 og\u00f3ln\u0105.<\/span><span data-ccp-props=\"{&quot;335551550&quot;:2,&quot;335551620&quot;:2,&quot;335559739&quot;:0}\">\u00a0<\/span><\/p><h6 style=\"text-align: center;\"><b><span data-contrast=\"auto\">09.04.2025r. \u015broda\u00a0\u00a0<\/span><\/b><b><span data-contrast=\"auto\">\u00a0\u00a0\u00a0\u00a0\u00a0\u00a0\u00a0<\/span><\/b><span data-ccp-props=\"{&quot;335551550&quot;:2,&quot;335551620&quot;:2,&quot;335559739&quot;:0}\">\u00a0<\/span><\/h6><h5 style=\"text-align: center;\"><span style=\"color: #ff0000;\"><b>SPOWIED\u0179 Rekolekcyjna<\/b>\u00a0<\/span><\/h5><p style=\"text-align: center;\"><b><span data-contrast=\"auto\">od 10.00 do 10.30\u00a0\u00a0\u00a0\u00a0\u00a0\u00a0\u00a0\u00a0\u00a0\u00a0 od 16.00 do 16.30<\/span><\/b><span data-ccp-props=\"{&quot;335551550&quot;:2,&quot;335551620&quot;:2,&quot;335559739&quot;:0}\">\u00a0<\/span><\/p><p style=\"text-align: center;\"><span data-ccp-props=\"{&quot;335559739&quot;:0}\">\u00a0<\/span><\/p>\t\t\t\t\t\t\t\t<\/div>\n\t\t\t\t<\/div>\n\t\t\t\t\t<\/div>\n\t\t<\/div>\n\t\t\t\t\t<\/div>\n\t\t<\/section>\n\t\t\t\t<\/div>\n\t\t","protected":false},"excerpt":{"rendered":"<p>REKOLEKCJE WIELKOPOSTNE\u00a0 w par. pw. NMP Nieustaj\u0105cej Pomocy i \u015bw. Micha\u0142a Archanio\u0142a\u00a0\u00a0 w J\u00f3\u017awikowie\u00a0 06 \u2013 09\u00a0 kwietnia 2022 roku\u00a0 06.04.2025r. niedziela\u00a0 09.00\u00a0 &gt; Msza \u015bw. z nauk\u0105 og\u00f3ln\u0105.\u00a0 12.00\u00a0 &gt; Msza \u015bw. z nauk\u0105 og\u00f3ln\u0105.\u00a0 Gorzkie \u017bale\u00a0 07.04.2025r. poniedzia\u0142ek\u00a0 17.00\u00a0 &gt;\u00a0 Msza \u015bw.\u00a0 z nauk\u0105 og\u00f3ln\u0105.\u00a0 08.04.2022r. wtorek\u00a0 09.00\u00a0 &gt;\u00a0 Msza \u015bw.\u00a0 z nauk\u0105 [&hellip;]<\/p>\n","protected":false},"author":1,"featured_media":0,"comment_status":"closed","ping_status":"closed","sticky":false,"template":"","format":"standard","meta":{"site-sidebar-layout":"default","site-content-layout":"","ast-site-content-layout":"default","site-content-style":"default","site-sidebar-style":"default","ast-global-header-display":"","ast-banner-title-visibility":"","ast-main-header-display":"","ast-hfb-above-header-display":"","ast-hfb-below-header-display":"","ast-hfb-mobile-header-display":"","site-post-title":"","ast-breadcrumbs-content":"","ast-featured-img":"","footer-sml-layout":"","ast-disable-related-posts":"","theme-transparent-header-meta":"","adv-header-id-meta":"","stick-header-meta":"","header-above-stick-meta":"","header-main-stick-meta":"","header-below-stick-meta":"","astra-migrate-meta-layouts":"set","ast-page-background-enabled":"default","ast-page-background-meta":{"desktop":{"background-color":"var(--ast-global-color-4)","background-image":"","background-repeat":"repeat","background-position":"center center","background-size":"auto","background-attachment":"scroll","background-type":"","background-media":"","overlay-type":"","overlay-color":"","overlay-opacity":"","overlay-gradient":""},"tablet":{"background-color":"","background-image":"","background-repeat":"repeat","background-position":"center center","background-size":"auto","background-attachment":"scroll","background-type":"","background-media":"","overlay-type":"","overlay-color":"","overlay-opacity":"","overlay-gradient":""},"mobile":{"background-color":"","background-image":"","background-repeat":"repeat","background-position":"center center","background-size":"auto","background-attachment":"scroll","background-type":"","background-media":"","overlay-type":"","overlay-color":"","overlay-opacity":"","overlay-gradient":""}},"ast-content-background-meta":{"desktop":{"background-color":"var(--ast-global-color-5)","background-image":"","background-repeat":"repeat","background-position":"center center","background-size":"auto","background-attachment":"scroll","background-type":"","background-media":"","overlay-type":"","overlay-color":"","overlay-opacity":"","overlay-gradient":""},"tablet":{"background-color":"var(--ast-global-color-5)","background-image":"","background-repeat":"repeat","background-position":"center center","background-size":"auto","background-attachment":"scroll","background-type":"","background-media":"","overlay-type":"","overlay-color":"","overlay-opacity":"","overlay-gradient":""},"mobile":{"background-color":"var(--ast-global-color-5)","background-image":"","background-repeat":"repeat","background-position":"center center","background-size":"auto","background-attachment":"scroll","background-type":"","background-media":"","overlay-type":"","overlay-color":"","overlay-opacity":"","overlay-gradient":""}},"footnotes":""},"categories":[5],"tags":[],"class_list":["post-2231","post","type-post","status-publish","format-standard","hentry","category-aktualnosci"],"yoast_head":"<!-- This site is optimized with the Yoast SEO plugin v27.4 - https:\/\/yoast.com\/product\/yoast-seo-wordpress\/ -->\n<title>Rekolekcje Wielkopostne - Parafia pw. MB Nieustaj\u0105cej Pomocy w J\u00f3\u017awikowie<\/title>\n<meta name=\"robots\" content=\"index, follow, max-snippet:-1, max-image-preview:large, max-video-preview:-1\" \/>\n<link rel=\"canonical\" href=\"https:\/\/parafiajozwikow.pl\/index.php\/2025\/04\/06\/rekolekcje-wielkopostne\/\" \/>\n<meta property=\"og:locale\" content=\"pl_PL\" \/>\n<meta property=\"og:type\" content=\"article\" \/>\n<meta property=\"og:title\" content=\"Rekolekcje Wielkopostne - Parafia pw. MB Nieustaj\u0105cej Pomocy w J\u00f3\u017awikowie\" \/>\n<meta property=\"og:description\" content=\"REKOLEKCJE WIELKOPOSTNE\u00a0 w par. pw. NMP Nieustaj\u0105cej Pomocy i \u015bw. Micha\u0142a Archanio\u0142a\u00a0\u00a0 w J\u00f3\u017awikowie\u00a0 06 \u2013 09\u00a0 kwietnia 2022 roku\u00a0 06.04.2025r. niedziela\u00a0 09.00\u00a0 &gt; Msza \u015bw. z nauk\u0105 og\u00f3ln\u0105.\u00a0 12.00\u00a0 &gt; Msza \u015bw. z nauk\u0105 og\u00f3ln\u0105.\u00a0 Gorzkie \u017bale\u00a0 07.04.2025r. poniedzia\u0142ek\u00a0 17.00\u00a0 &gt;\u00a0 Msza \u015bw.\u00a0 z nauk\u0105 og\u00f3ln\u0105.\u00a0 08.04.2022r. wtorek\u00a0 09.00\u00a0 &gt;\u00a0 Msza \u015bw.\u00a0 z nauk\u0105 [&hellip;]\" \/>\n<meta property=\"og:url\" content=\"https:\/\/parafiajozwikow.pl\/index.php\/2025\/04\/06\/rekolekcje-wielkopostne\/\" \/>\n<meta property=\"og:site_name\" content=\"Parafia pw. MB Nieustaj\u0105cej Pomocy w J\u00f3\u017awikowie\" \/>\n<meta property=\"article:published_time\" content=\"2025-04-06T10:59:04+00:00\" \/>\n<meta property=\"article:modified_time\" content=\"2025-04-06T11:01:32+00:00\" \/>\n<meta name=\"author\" content=\"Parafia31\" \/>\n<meta name=\"twitter:card\" content=\"summary_large_image\" \/>\n<meta name=\"twitter:label1\" content=\"Napisane przez\" \/>\n\t<meta name=\"twitter:data1\" content=\"Parafia31\" \/>\n\t<meta name=\"twitter:label2\" content=\"Szacowany czas czytania\" \/>\n\t<meta name=\"twitter:data2\" content=\"1 minuta\" \/>\n<script type=\"application\/ld+json\" class=\"yoast-schema-graph\">{\"@context\":\"https:\\\/\\\/schema.org\",\"@graph\":[{\"@type\":\"Article\",\"@id\":\"https:\\\/\\\/parafiajozwikow.pl\\\/index.php\\\/2025\\\/04\\\/06\\\/rekolekcje-wielkopostne\\\/#article\",\"isPartOf\":{\"@id\":\"https:\\\/\\\/parafiajozwikow.pl\\\/index.php\\\/2025\\\/04\\\/06\\\/rekolekcje-wielkopostne\\\/\"},\"author\":{\"name\":\"Parafia31\",\"@id\":\"https:\\\/\\\/parafiajozwikow.pl\\\/#\\\/schema\\\/person\\\/e7f3d7fb6e7074647ae54aa7c502ab68\"},\"headline\":\"Rekolekcje Wielkopostne\",\"datePublished\":\"2025-04-06T10:59:04+00:00\",\"dateModified\":\"2025-04-06T11:01:32+00:00\",\"mainEntityOfPage\":{\"@id\":\"https:\\\/\\\/parafiajozwikow.pl\\\/index.php\\\/2025\\\/04\\\/06\\\/rekolekcje-wielkopostne\\\/\"},\"wordCount\":67,\"articleSection\":[\"Aktualno\u015bci\"],\"inLanguage\":\"pl-PL\"},{\"@type\":\"WebPage\",\"@id\":\"https:\\\/\\\/parafiajozwikow.pl\\\/index.php\\\/2025\\\/04\\\/06\\\/rekolekcje-wielkopostne\\\/\",\"url\":\"https:\\\/\\\/parafiajozwikow.pl\\\/index.php\\\/2025\\\/04\\\/06\\\/rekolekcje-wielkopostne\\\/\",\"name\":\"Rekolekcje Wielkopostne - Parafia pw. MB Nieustaj\u0105cej Pomocy w J\u00f3\u017awikowie\",\"isPartOf\":{\"@id\":\"https:\\\/\\\/parafiajozwikow.pl\\\/#website\"},\"datePublished\":\"2025-04-06T10:59:04+00:00\",\"dateModified\":\"2025-04-06T11:01:32+00:00\",\"author\":{\"@id\":\"https:\\\/\\\/parafiajozwikow.pl\\\/#\\\/schema\\\/person\\\/e7f3d7fb6e7074647ae54aa7c502ab68\"},\"breadcrumb\":{\"@id\":\"https:\\\/\\\/parafiajozwikow.pl\\\/index.php\\\/2025\\\/04\\\/06\\\/rekolekcje-wielkopostne\\\/#breadcrumb\"},\"inLanguage\":\"pl-PL\",\"potentialAction\":[{\"@type\":\"ReadAction\",\"target\":[\"https:\\\/\\\/parafiajozwikow.pl\\\/index.php\\\/2025\\\/04\\\/06\\\/rekolekcje-wielkopostne\\\/\"]}]},{\"@type\":\"BreadcrumbList\",\"@id\":\"https:\\\/\\\/parafiajozwikow.pl\\\/index.php\\\/2025\\\/04\\\/06\\\/rekolekcje-wielkopostne\\\/#breadcrumb\",\"itemListElement\":[{\"@type\":\"ListItem\",\"position\":1,\"name\":\"Strona g\u0142\u00f3wna\",\"item\":\"https:\\\/\\\/parafiajozwikow.pl\\\/\"},{\"@type\":\"ListItem\",\"position\":2,\"name\":\"Rekolekcje Wielkopostne\"}]},{\"@type\":\"WebSite\",\"@id\":\"https:\\\/\\\/parafiajozwikow.pl\\\/#website\",\"url\":\"https:\\\/\\\/parafiajozwikow.pl\\\/\",\"name\":\"Parafia pw. MB Nieustaj\u0105cej Pomocy w J\u00f3\u017awikowie\",\"description\":\"\",\"potentialAction\":[{\"@type\":\"SearchAction\",\"target\":{\"@type\":\"EntryPoint\",\"urlTemplate\":\"https:\\\/\\\/parafiajozwikow.pl\\\/?s={search_term_string}\"},\"query-input\":{\"@type\":\"PropertyValueSpecification\",\"valueRequired\":true,\"valueName\":\"search_term_string\"}}],\"inLanguage\":\"pl-PL\"},{\"@type\":\"Person\",\"@id\":\"https:\\\/\\\/parafiajozwikow.pl\\\/#\\\/schema\\\/person\\\/e7f3d7fb6e7074647ae54aa7c502ab68\",\"name\":\"Parafia31\",\"image\":{\"@type\":\"ImageObject\",\"inLanguage\":\"pl-PL\",\"@id\":\"https:\\\/\\\/secure.gravatar.com\\\/avatar\\\/c037a6915792c85653487888df401463264c2c5701ceb484fd9c9f363c7d9964?s=96&d=mm&r=g\",\"url\":\"https:\\\/\\\/secure.gravatar.com\\\/avatar\\\/c037a6915792c85653487888df401463264c2c5701ceb484fd9c9f363c7d9964?s=96&d=mm&r=g\",\"contentUrl\":\"https:\\\/\\\/secure.gravatar.com\\\/avatar\\\/c037a6915792c85653487888df401463264c2c5701ceb484fd9c9f363c7d9964?s=96&d=mm&r=g\",\"caption\":\"Parafia31\"},\"sameAs\":[\"http:\\\/\\\/parafiajozwikow.pl\"],\"url\":\"https:\\\/\\\/parafiajozwikow.pl\\\/index.php\\\/author\\\/parafia31\\\/\"}]}<\/script>\n<!-- \/ Yoast SEO plugin. -->","yoast_head_json":{"title":"Rekolekcje Wielkopostne - Parafia pw. MB Nieustaj\u0105cej Pomocy w J\u00f3\u017awikowie","robots":{"index":"index","follow":"follow","max-snippet":"max-snippet:-1","max-image-preview":"max-image-preview:large","max-video-preview":"max-video-preview:-1"},"canonical":"https:\/\/parafiajozwikow.pl\/index.php\/2025\/04\/06\/rekolekcje-wielkopostne\/","og_locale":"pl_PL","og_type":"article","og_title":"Rekolekcje Wielkopostne - Parafia pw. MB Nieustaj\u0105cej Pomocy w J\u00f3\u017awikowie","og_description":"REKOLEKCJE WIELKOPOSTNE\u00a0 w par. pw. NMP Nieustaj\u0105cej Pomocy i \u015bw. Micha\u0142a Archanio\u0142a\u00a0\u00a0 w J\u00f3\u017awikowie\u00a0 06 \u2013 09\u00a0 kwietnia 2022 roku\u00a0 06.04.2025r. niedziela\u00a0 09.00\u00a0 &gt; Msza \u015bw. z nauk\u0105 og\u00f3ln\u0105.\u00a0 12.00\u00a0 &gt; Msza \u015bw. z nauk\u0105 og\u00f3ln\u0105.\u00a0 Gorzkie \u017bale\u00a0 07.04.2025r. poniedzia\u0142ek\u00a0 17.00\u00a0 &gt;\u00a0 Msza \u015bw.\u00a0 z nauk\u0105 og\u00f3ln\u0105.\u00a0 08.04.2022r. wtorek\u00a0 09.00\u00a0 &gt;\u00a0 Msza \u015bw.\u00a0 z nauk\u0105 [&hellip;]","og_url":"https:\/\/parafiajozwikow.pl\/index.php\/2025\/04\/06\/rekolekcje-wielkopostne\/","og_site_name":"Parafia pw. MB Nieustaj\u0105cej Pomocy w J\u00f3\u017awikowie","article_published_time":"2025-04-06T10:59:04+00:00","article_modified_time":"2025-04-06T11:01:32+00:00","author":"Parafia31","twitter_card":"summary_large_image","twitter_misc":{"Napisane przez":"Parafia31","Szacowany czas czytania":"1 minuta"},"schema":{"@context":"https:\/\/schema.org","@graph":[{"@type":"Article","@id":"https:\/\/parafiajozwikow.pl\/index.php\/2025\/04\/06\/rekolekcje-wielkopostne\/#article","isPartOf":{"@id":"https:\/\/parafiajozwikow.pl\/index.php\/2025\/04\/06\/rekolekcje-wielkopostne\/"},"author":{"name":"Parafia31","@id":"https:\/\/parafiajozwikow.pl\/#\/schema\/person\/e7f3d7fb6e7074647ae54aa7c502ab68"},"headline":"Rekolekcje Wielkopostne","datePublished":"2025-04-06T10:59:04+00:00","dateModified":"2025-04-06T11:01:32+00:00","mainEntityOfPage":{"@id":"https:\/\/parafiajozwikow.pl\/index.php\/2025\/04\/06\/rekolekcje-wielkopostne\/"},"wordCount":67,"articleSection":["Aktualno\u015bci"],"inLanguage":"pl-PL"},{"@type":"WebPage","@id":"https:\/\/parafiajozwikow.pl\/index.php\/2025\/04\/06\/rekolekcje-wielkopostne\/","url":"https:\/\/parafiajozwikow.pl\/index.php\/2025\/04\/06\/rekolekcje-wielkopostne\/","name":"Rekolekcje Wielkopostne - Parafia pw. MB Nieustaj\u0105cej Pomocy w J\u00f3\u017awikowie","isPartOf":{"@id":"https:\/\/parafiajozwikow.pl\/#website"},"datePublished":"2025-04-06T10:59:04+00:00","dateModified":"2025-04-06T11:01:32+00:00","author":{"@id":"https:\/\/parafiajozwikow.pl\/#\/schema\/person\/e7f3d7fb6e7074647ae54aa7c502ab68"},"breadcrumb":{"@id":"https:\/\/parafiajozwikow.pl\/index.php\/2025\/04\/06\/rekolekcje-wielkopostne\/#breadcrumb"},"inLanguage":"pl-PL","potentialAction":[{"@type":"ReadAction","target":["https:\/\/parafiajozwikow.pl\/index.php\/2025\/04\/06\/rekolekcje-wielkopostne\/"]}]},{"@type":"BreadcrumbList","@id":"https:\/\/parafiajozwikow.pl\/index.php\/2025\/04\/06\/rekolekcje-wielkopostne\/#breadcrumb","itemListElement":[{"@type":"ListItem","position":1,"name":"Strona g\u0142\u00f3wna","item":"https:\/\/parafiajozwikow.pl\/"},{"@type":"ListItem","position":2,"name":"Rekolekcje Wielkopostne"}]},{"@type":"WebSite","@id":"https:\/\/parafiajozwikow.pl\/#website","url":"https:\/\/parafiajozwikow.pl\/","name":"Parafia pw. MB Nieustaj\u0105cej Pomocy w J\u00f3\u017awikowie","description":"","potentialAction":[{"@type":"SearchAction","target":{"@type":"EntryPoint","urlTemplate":"https:\/\/parafiajozwikow.pl\/?s={search_term_string}"},"query-input":{"@type":"PropertyValueSpecification","valueRequired":true,"valueName":"search_term_string"}}],"inLanguage":"pl-PL"},{"@type":"Person","@id":"https:\/\/parafiajozwikow.pl\/#\/schema\/person\/e7f3d7fb6e7074647ae54aa7c502ab68","name":"Parafia31","image":{"@type":"ImageObject","inLanguage":"pl-PL","@id":"https:\/\/secure.gravatar.com\/avatar\/c037a6915792c85653487888df401463264c2c5701ceb484fd9c9f363c7d9964?s=96&d=mm&r=g","url":"https:\/\/secure.gravatar.com\/avatar\/c037a6915792c85653487888df401463264c2c5701ceb484fd9c9f363c7d9964?s=96&d=mm&r=g","contentUrl":"https:\/\/secure.gravatar.com\/avatar\/c037a6915792c85653487888df401463264c2c5701ceb484fd9c9f363c7d9964?s=96&d=mm&r=g","caption":"Parafia31"},"sameAs":["http:\/\/parafiajozwikow.pl"],"url":"https:\/\/parafiajozwikow.pl\/index.php\/author\/parafia31\/"}]}},"_links":{"self":[{"href":"https:\/\/parafiajozwikow.pl\/index.php\/wp-json\/wp\/v2\/posts\/2231","targetHints":{"allow":["GET"]}}],"collection":[{"href":"https:\/\/parafiajozwikow.pl\/index.php\/wp-json\/wp\/v2\/posts"}],"about":[{"href":"https:\/\/parafiajozwikow.pl\/index.php\/wp-json\/wp\/v2\/types\/post"}],"author":[{"embeddable":true,"href":"https:\/\/parafiajozwikow.pl\/index.php\/wp-json\/wp\/v2\/users\/1"}],"replies":[{"embeddable":true,"href":"https:\/\/parafiajozwikow.pl\/index.php\/wp-json\/wp\/v2\/comments?post=2231"}],"version-history":[{"count":4,"href":"https:\/\/parafiajozwikow.pl\/index.php\/wp-json\/wp\/v2\/posts\/2231\/revisions"}],"predecessor-version":[{"id":2235,"href":"https:\/\/parafiajozwikow.pl\/index.php\/wp-json\/wp\/v2\/posts\/2231\/revisions\/2235"}],"wp:attachment":[{"href":"https:\/\/parafiajozwikow.pl\/index.php\/wp-json\/wp\/v2\/media?parent=2231"}],"wp:term":[{"taxonomy":"category","embeddable":true,"href":"https:\/\/parafiajozwikow.pl\/index.php\/wp-json\/wp\/v2\/categories?post=2231"},{"taxonomy":"post_tag","embeddable":true,"href":"https:\/\/parafiajozwikow.pl\/index.php\/wp-json\/wp\/v2\/tags?post=2231"}],"curies":[{"name":"wp","href":"https:\/\/api.w.org\/{rel}","templated":true}]}}