{"id":1877,"date":"2024-11-01T08:41:38","date_gmt":"2024-11-01T08:41:38","guid":{"rendered":"https:\/\/parafiajozwikow.pl\/?p=1877"},"modified":"2024-11-01T08:42:48","modified_gmt":"2024-11-01T08:42:48","slug":"ogloszenia-27-pazdziernik-2024-rok","status":"publish","type":"post","link":"https:\/\/parafiajozwikow.pl\/index.php\/2024\/11\/01\/ogloszenia-27-pazdziernik-2024-rok\/","title":{"rendered":"Og\u0142oszenia 27 pa\u017adziernik 2024 rok"},"content":{"rendered":"\t\t<div data-elementor-type=\"wp-post\" data-elementor-id=\"1877\" class=\"elementor elementor-1877\">\n\t\t\t\t\t\t<section class=\"elementor-section elementor-top-section elementor-element elementor-element-db5e1df elementor-section-boxed elementor-section-height-default elementor-section-height-default\" data-id=\"db5e1df\" data-element_type=\"section\" data-e-type=\"section\">\n\t\t\t\t\t\t<div class=\"elementor-container elementor-column-gap-default\">\n\t\t\t\t\t<div class=\"elementor-column elementor-col-100 elementor-top-column elementor-element elementor-element-991ffe8\" data-id=\"991ffe8\" data-element_type=\"column\" data-e-type=\"column\">\n\t\t\t<div class=\"elementor-widget-wrap elementor-element-populated\">\n\t\t\t\t\t\t<div class=\"elementor-element elementor-element-177417a elementor-widget-divider--view-line elementor-widget elementor-widget-divider\" data-id=\"177417a\" data-element_type=\"widget\" data-e-type=\"widget\" data-widget_type=\"divider.default\">\n\t\t\t\t<div class=\"elementor-widget-container\">\n\t\t\t\t\t\t\t<div class=\"elementor-divider\">\n\t\t\t<span class=\"elementor-divider-separator\">\n\t\t\t\t\t\t<\/span>\n\t\t<\/div>\n\t\t\t\t\t\t<\/div>\n\t\t\t\t<\/div>\n\t\t\t\t<div class=\"elementor-element elementor-element-ab3f642 elementor-widget elementor-widget-text-editor\" data-id=\"ab3f642\" data-element_type=\"widget\" data-e-type=\"widget\" data-widget_type=\"text-editor.default\">\n\t\t\t\t<div class=\"elementor-widget-container\">\n\t\t\t\t\t\t\t\t\t<ol><li>We wtorek, 29 pa\u017adziernika po r\u00f3\u017ca\u0144cu comiesi\u0119czne Nabo\u017ce\u0144stwo do \u015bw. Micha\u0142a Archanio\u0142a. Jest On pogromc\u0105 z\u0142ych duch\u00f3w czyhaj\u0105cych na nas i nasze rodziny. Nabo\u017ce\u0144stwo jest odprawiane ka\u017cdego 29 dnia miesi\u0105ca.<\/li><li>W czwartek ko\u0144czymy nabo\u017ce\u0144stwa r\u00f3\u017ca\u0144cowe. Dzi\u0119kuj\u0119 mieszka\u0144com wiosek, dzieciom komunijnym i ministrantom za prowadzenie r\u00f3\u017ca\u0144ca. Niech MB R\u00f3\u017ca\u0144cowa b\u0119dzie dla Was Or\u0119downiczk\u0105 i wyprasza u swojego Syna potrzebne \u0142aski. Jednocze\u015bnie prosz\u0119, by nie rozstawa\u0107 si\u0119 z t\u0105 przepi\u0119kn\u0105 modlitw\u0105. W czwartek zapraszam dzieci, kt\u00f3re odmawia\u0142y r\u00f3\u017caniec przez mikrofon.<\/li><li>W pi\u0105tek, 1 listopada, Uroczysto\u015b\u0107 Wszystkich \u015awi\u0119tych. Oddajemy cze\u015b\u0107 wszystkim zbawionym, kt\u00f3rzy s\u0105 w niebie i prosimy ich o wstawiennictwo za nami u Boga. W tym dniu mamy obowi\u0105zek uczestniczy\u0107 we mszy \u015bw. Po Mszy \u015bw. o godz. 09:00 procesja na cmentarz i modlitwy wypominkowe za zmar\u0142ych przy 5-ciu stacjach.<\/li><li>W sobot\u0119, Wspomnienie wszystkich Wiernych Zmar\u0142ych. \/Dzie\u0144 Zaduszny\/ O 08:30 r\u00f3\u017caniec z wypominkami, po nim msza \u015bw. z kazaniem. Przez ca\u0142y listopad mo\u017cemy zyska\u0107 odpust zupe\u0142ny dla dusz w czy\u015b\u0107cu cierpi\u0105cych pod nast\u0119puj\u0105cymi warunkami: by\u0107 w \u0142asce u\u015bwi\u0119caj\u0105cej ,nawiedzi\u0107 ko\u015bci\u00f3\u0142 lub cmentarz ,pomodli\u0107 si\u0119 w tych intencjach, kt\u00f3re poleca w danym dniu Papie\u017c , nie mie\u0107 przywi\u0105zania do grzechu i przyj\u0105\u0107 Komuni\u0119 \u015bw.<\/li><li>W tym tygodniu wypada I pi\u0105tek i sobota m-ca. Spowied\u017a w ci\u0105gu tygodnia na r\u00f3\u017ca\u0144cu.<\/li><li>Dzi\u015b ostatni raz modlimy si\u0119 wg. starego schematu wypominek. Od przysz\u0142ej niedzieli polecamy zmar\u0142ych zam\u00f3wionych na nowy rok. Nadal mo\u017cna je zamawia\u0107. Kartki na jednorazowe wypominki wy\u0142o\u017cone s\u0105 na stolikach. Do 8 listopada b\u0119dziemy poleca\u0107 te dusze modl\u0105c si\u0119 Litani\u0105 za Zmar\u0142ych. Ka\u017cdego dnia za innych.<\/li><li>B\u00f3g zap\u0142a\u0107 za sprz\u0105tanie ko\u015bcio\u0142a i ofiary na \u015brodki czysto\u015bci rodz. Ryszarda Serafina i Katarzyny Skrobisz. W sobot\u0119 po godz. 10.00 do sprz\u0105tania zapraszam rodz. Eweliny Stolarczyk i Krystiana Ciszka z Sarbic Drugich.<\/li><li>Ofiar\u0119 na ko\u015bci\u00f3\u0142 z\u0142o\u017cyli: Marian Krzompa i Jan Krzysztofik po 100z\u0142, na cmentarz: Marian Krzompa 40z\u0142, Marian G\u0142owala i Jan Krzysztofik po 80z\u0142 oraz Marek Krzysztofik 200z\u0142. B\u00f3g zap\u0142a\u0107.<\/li><li>B\u00f3g zap\u0142a\u0107 te\u017c za tac\u0119 misyjn\u0105 \u2013 710z\u0142.<\/li><li>Przy sprz\u0105taniu grob\u00f3w dbajmy o porz\u0105dek. Do starego kontenera sk\u0142adamy tylko szk\u0142o i plastiki, odpady Bio do do\u0142u w rogu cmentarza. W ostatnich latach, im bli\u017cej Wszystkich \u015awi\u0119tych, tym bardziej nasila\u0142y si\u0119 kradzie\u017ce wi\u0105zanek z grob\u00f3w. B\u0105d\u017amy roztropni przy dekorowaniu grob\u00f3w pami\u0119taj\u0105c, \u017ce to nie wystr\u00f3j jest wa\u017cny, tylko nasza modlitwa za zmar\u0142ych jest najskuteczniejsz\u0105 pomoc\u0105 dla nich. Ofiara mszy \u015bw., komunia \u015bw., modlitwa r\u00f3\u017ca\u0144cowa czy wypominkowa.<\/li><li>Dzisiaj w ,,Go\u015bciu Niedzielnym\u201d przeczytamy m. in. o tym, czy B\u00f3g oddala si\u0119 od nas, gdy pope\u0142niamy grzech oraz co wiadomo o patronie od spraw beznadziejnych \u015bw. Judzie Tadeuszu i sk\u0105d jego popularno\u015b\u0107? Jest r\u00f3wnie\u017c ,,Ma\u0142y Go\u015b\u0107 Niedzielny\u201d dla dzieci komunijnych na listopad, w nim m. in. dow\u00f3d bardzo osobisty. Zach\u0119cam do lektury. GN -10z\u0142, MGN &#8211; 7 z\u0142.<\/li><\/ol><p>\u00a0<\/p><p>Wszystkim Parafianom, Sympatykom i Dobrodziejom oraz przyby\u0142ym Go\u015bciom \u017cycz\u0119 radosnego \u015bwi\u0119towania Niedzieli w gronie najbli\u017cszych, a Solenizantom i Jubilatom zbli\u017caj\u0105cego si\u0119 tygodnia, obfito\u015bci Bo\u017cych \u0142ask i wszelkiej pomy\u015blno\u015bci.<\/p><p>SZCZ\u0118\u015a\u0106 BO\u017bE!<\/p>\t\t\t\t\t\t\t\t<\/div>\n\t\t\t\t<\/div>\n\t\t\t\t\t<\/div>\n\t\t<\/div>\n\t\t\t\t\t<\/div>\n\t\t<\/section>\n\t\t\t\t<\/div>\n\t\t","protected":false},"excerpt":{"rendered":"<p>We wtorek, 29 pa\u017adziernika po r\u00f3\u017ca\u0144cu comiesi\u0119czne Nabo\u017ce\u0144stwo do \u015bw. Micha\u0142a Archanio\u0142a. Jest On pogromc\u0105 z\u0142ych duch\u00f3w czyhaj\u0105cych na nas i nasze rodziny. Nabo\u017ce\u0144stwo jest odprawiane ka\u017cdego 29 dnia miesi\u0105ca. W czwartek ko\u0144czymy nabo\u017ce\u0144stwa r\u00f3\u017ca\u0144cowe. Dzi\u0119kuj\u0119 mieszka\u0144com wiosek, dzieciom komunijnym i ministrantom za prowadzenie r\u00f3\u017ca\u0144ca. Niech MB R\u00f3\u017ca\u0144cowa b\u0119dzie dla Was Or\u0119downiczk\u0105 i wyprasza u [&hellip;]<\/p>\n","protected":false},"author":1,"featured_media":0,"comment_status":"closed","ping_status":"closed","sticky":false,"template":"","format":"standard","meta":{"site-sidebar-layout":"default","site-content-layout":"","ast-site-content-layout":"default","site-content-style":"default","site-sidebar-style":"default","ast-global-header-display":"","ast-banner-title-visibility":"","ast-main-header-display":"","ast-hfb-above-header-display":"","ast-hfb-below-header-display":"","ast-hfb-mobile-header-display":"","site-post-title":"","ast-breadcrumbs-content":"","ast-featured-img":"","footer-sml-layout":"","ast-disable-related-posts":"","theme-transparent-header-meta":"","adv-header-id-meta":"","stick-header-meta":"","header-above-stick-meta":"","header-main-stick-meta":"","header-below-stick-meta":"","astra-migrate-meta-layouts":"set","ast-page-background-enabled":"default","ast-page-background-meta":{"desktop":{"background-color":"var(--ast-global-color-4)","background-image":"","background-repeat":"repeat","background-position":"center center","background-size":"auto","background-attachment":"scroll","background-type":"","background-media":"","overlay-type":"","overlay-color":"","overlay-opacity":"","overlay-gradient":""},"tablet":{"background-color":"","background-image":"","background-repeat":"repeat","background-position":"center center","background-size":"auto","background-attachment":"scroll","background-type":"","background-media":"","overlay-type":"","overlay-color":"","overlay-opacity":"","overlay-gradient":""},"mobile":{"background-color":"","background-image":"","background-repeat":"repeat","background-position":"center center","background-size":"auto","background-attachment":"scroll","background-type":"","background-media":"","overlay-type":"","overlay-color":"","overlay-opacity":"","overlay-gradient":""}},"ast-content-background-meta":{"desktop":{"background-color":"var(--ast-global-color-5)","background-image":"","background-repeat":"repeat","background-position":"center center","background-size":"auto","background-attachment":"scroll","background-type":"","background-media":"","overlay-type":"","overlay-color":"","overlay-opacity":"","overlay-gradient":""},"tablet":{"background-color":"var(--ast-global-color-5)","background-image":"","background-repeat":"repeat","background-position":"center center","background-size":"auto","background-attachment":"scroll","background-type":"","background-media":"","overlay-type":"","overlay-color":"","overlay-opacity":"","overlay-gradient":""},"mobile":{"background-color":"var(--ast-global-color-5)","background-image":"","background-repeat":"repeat","background-position":"center center","background-size":"auto","background-attachment":"scroll","background-type":"","background-media":"","overlay-type":"","overlay-color":"","overlay-opacity":"","overlay-gradient":""}},"footnotes":""},"categories":[6],"tags":[],"class_list":["post-1877","post","type-post","status-publish","format-standard","hentry","category-ogloszenia"],"yoast_head":"<!-- This site is optimized with the Yoast SEO plugin v27.4 - https:\/\/yoast.com\/product\/yoast-seo-wordpress\/ -->\n<title>Og\u0142oszenia 27 pa\u017adziernik 2024 rok - Parafia pw. MB Nieustaj\u0105cej Pomocy w J\u00f3\u017awikowie<\/title>\n<meta name=\"robots\" content=\"index, follow, max-snippet:-1, max-image-preview:large, max-video-preview:-1\" \/>\n<link rel=\"canonical\" href=\"https:\/\/parafiajozwikow.pl\/index.php\/2024\/11\/01\/ogloszenia-27-pazdziernik-2024-rok\/\" \/>\n<meta property=\"og:locale\" content=\"pl_PL\" \/>\n<meta property=\"og:type\" content=\"article\" \/>\n<meta property=\"og:title\" content=\"Og\u0142oszenia 27 pa\u017adziernik 2024 rok - Parafia pw. MB Nieustaj\u0105cej Pomocy w J\u00f3\u017awikowie\" \/>\n<meta property=\"og:description\" content=\"We wtorek, 29 pa\u017adziernika po r\u00f3\u017ca\u0144cu comiesi\u0119czne Nabo\u017ce\u0144stwo do \u015bw. Micha\u0142a Archanio\u0142a. Jest On pogromc\u0105 z\u0142ych duch\u00f3w czyhaj\u0105cych na nas i nasze rodziny. Nabo\u017ce\u0144stwo jest odprawiane ka\u017cdego 29 dnia miesi\u0105ca. W czwartek ko\u0144czymy nabo\u017ce\u0144stwa r\u00f3\u017ca\u0144cowe. Dzi\u0119kuj\u0119 mieszka\u0144com wiosek, dzieciom komunijnym i ministrantom za prowadzenie r\u00f3\u017ca\u0144ca. Niech MB R\u00f3\u017ca\u0144cowa b\u0119dzie dla Was Or\u0119downiczk\u0105 i wyprasza u [&hellip;]\" \/>\n<meta property=\"og:url\" content=\"https:\/\/parafiajozwikow.pl\/index.php\/2024\/11\/01\/ogloszenia-27-pazdziernik-2024-rok\/\" \/>\n<meta property=\"og:site_name\" content=\"Parafia pw. MB Nieustaj\u0105cej Pomocy w J\u00f3\u017awikowie\" \/>\n<meta property=\"article:published_time\" content=\"2024-11-01T08:41:38+00:00\" \/>\n<meta property=\"article:modified_time\" content=\"2024-11-01T08:42:48+00:00\" \/>\n<meta name=\"author\" content=\"Parafia31\" \/>\n<meta name=\"twitter:card\" content=\"summary_large_image\" \/>\n<meta name=\"twitter:label1\" content=\"Napisane przez\" \/>\n\t<meta name=\"twitter:data1\" content=\"Parafia31\" \/>\n\t<meta name=\"twitter:label2\" content=\"Szacowany czas czytania\" \/>\n\t<meta name=\"twitter:data2\" content=\"3 minuty\" \/>\n<script type=\"application\/ld+json\" class=\"yoast-schema-graph\">{\"@context\":\"https:\\\/\\\/schema.org\",\"@graph\":[{\"@type\":\"Article\",\"@id\":\"https:\\\/\\\/parafiajozwikow.pl\\\/index.php\\\/2024\\\/11\\\/01\\\/ogloszenia-27-pazdziernik-2024-rok\\\/#article\",\"isPartOf\":{\"@id\":\"https:\\\/\\\/parafiajozwikow.pl\\\/index.php\\\/2024\\\/11\\\/01\\\/ogloszenia-27-pazdziernik-2024-rok\\\/\"},\"author\":{\"name\":\"Parafia31\",\"@id\":\"https:\\\/\\\/parafiajozwikow.pl\\\/#\\\/schema\\\/person\\\/e7f3d7fb6e7074647ae54aa7c502ab68\"},\"headline\":\"Og\u0142oszenia 27 pa\u017adziernik 2024 rok\",\"datePublished\":\"2024-11-01T08:41:38+00:00\",\"dateModified\":\"2024-11-01T08:42:48+00:00\",\"mainEntityOfPage\":{\"@id\":\"https:\\\/\\\/parafiajozwikow.pl\\\/index.php\\\/2024\\\/11\\\/01\\\/ogloszenia-27-pazdziernik-2024-rok\\\/\"},\"wordCount\":597,\"articleSection\":[\"Og\u0142oszenia\"],\"inLanguage\":\"pl-PL\"},{\"@type\":\"WebPage\",\"@id\":\"https:\\\/\\\/parafiajozwikow.pl\\\/index.php\\\/2024\\\/11\\\/01\\\/ogloszenia-27-pazdziernik-2024-rok\\\/\",\"url\":\"https:\\\/\\\/parafiajozwikow.pl\\\/index.php\\\/2024\\\/11\\\/01\\\/ogloszenia-27-pazdziernik-2024-rok\\\/\",\"name\":\"Og\u0142oszenia 27 pa\u017adziernik 2024 rok - Parafia pw. MB Nieustaj\u0105cej Pomocy w J\u00f3\u017awikowie\",\"isPartOf\":{\"@id\":\"https:\\\/\\\/parafiajozwikow.pl\\\/#website\"},\"datePublished\":\"2024-11-01T08:41:38+00:00\",\"dateModified\":\"2024-11-01T08:42:48+00:00\",\"author\":{\"@id\":\"https:\\\/\\\/parafiajozwikow.pl\\\/#\\\/schema\\\/person\\\/e7f3d7fb6e7074647ae54aa7c502ab68\"},\"breadcrumb\":{\"@id\":\"https:\\\/\\\/parafiajozwikow.pl\\\/index.php\\\/2024\\\/11\\\/01\\\/ogloszenia-27-pazdziernik-2024-rok\\\/#breadcrumb\"},\"inLanguage\":\"pl-PL\",\"potentialAction\":[{\"@type\":\"ReadAction\",\"target\":[\"https:\\\/\\\/parafiajozwikow.pl\\\/index.php\\\/2024\\\/11\\\/01\\\/ogloszenia-27-pazdziernik-2024-rok\\\/\"]}]},{\"@type\":\"BreadcrumbList\",\"@id\":\"https:\\\/\\\/parafiajozwikow.pl\\\/index.php\\\/2024\\\/11\\\/01\\\/ogloszenia-27-pazdziernik-2024-rok\\\/#breadcrumb\",\"itemListElement\":[{\"@type\":\"ListItem\",\"position\":1,\"name\":\"Strona g\u0142\u00f3wna\",\"item\":\"https:\\\/\\\/parafiajozwikow.pl\\\/\"},{\"@type\":\"ListItem\",\"position\":2,\"name\":\"Og\u0142oszenia 27 pa\u017adziernik 2024 rok\"}]},{\"@type\":\"WebSite\",\"@id\":\"https:\\\/\\\/parafiajozwikow.pl\\\/#website\",\"url\":\"https:\\\/\\\/parafiajozwikow.pl\\\/\",\"name\":\"Parafia pw. MB Nieustaj\u0105cej Pomocy w J\u00f3\u017awikowie\",\"description\":\"\",\"potentialAction\":[{\"@type\":\"SearchAction\",\"target\":{\"@type\":\"EntryPoint\",\"urlTemplate\":\"https:\\\/\\\/parafiajozwikow.pl\\\/?s={search_term_string}\"},\"query-input\":{\"@type\":\"PropertyValueSpecification\",\"valueRequired\":true,\"valueName\":\"search_term_string\"}}],\"inLanguage\":\"pl-PL\"},{\"@type\":\"Person\",\"@id\":\"https:\\\/\\\/parafiajozwikow.pl\\\/#\\\/schema\\\/person\\\/e7f3d7fb6e7074647ae54aa7c502ab68\",\"name\":\"Parafia31\",\"image\":{\"@type\":\"ImageObject\",\"inLanguage\":\"pl-PL\",\"@id\":\"https:\\\/\\\/secure.gravatar.com\\\/avatar\\\/c037a6915792c85653487888df401463264c2c5701ceb484fd9c9f363c7d9964?s=96&d=mm&r=g\",\"url\":\"https:\\\/\\\/secure.gravatar.com\\\/avatar\\\/c037a6915792c85653487888df401463264c2c5701ceb484fd9c9f363c7d9964?s=96&d=mm&r=g\",\"contentUrl\":\"https:\\\/\\\/secure.gravatar.com\\\/avatar\\\/c037a6915792c85653487888df401463264c2c5701ceb484fd9c9f363c7d9964?s=96&d=mm&r=g\",\"caption\":\"Parafia31\"},\"sameAs\":[\"http:\\\/\\\/parafiajozwikow.pl\"],\"url\":\"https:\\\/\\\/parafiajozwikow.pl\\\/index.php\\\/author\\\/parafia31\\\/\"}]}<\/script>\n<!-- \/ Yoast SEO plugin. -->","yoast_head_json":{"title":"Og\u0142oszenia 27 pa\u017adziernik 2024 rok - Parafia pw. MB Nieustaj\u0105cej Pomocy w J\u00f3\u017awikowie","robots":{"index":"index","follow":"follow","max-snippet":"max-snippet:-1","max-image-preview":"max-image-preview:large","max-video-preview":"max-video-preview:-1"},"canonical":"https:\/\/parafiajozwikow.pl\/index.php\/2024\/11\/01\/ogloszenia-27-pazdziernik-2024-rok\/","og_locale":"pl_PL","og_type":"article","og_title":"Og\u0142oszenia 27 pa\u017adziernik 2024 rok - Parafia pw. MB Nieustaj\u0105cej Pomocy w J\u00f3\u017awikowie","og_description":"We wtorek, 29 pa\u017adziernika po r\u00f3\u017ca\u0144cu comiesi\u0119czne Nabo\u017ce\u0144stwo do \u015bw. Micha\u0142a Archanio\u0142a. Jest On pogromc\u0105 z\u0142ych duch\u00f3w czyhaj\u0105cych na nas i nasze rodziny. Nabo\u017ce\u0144stwo jest odprawiane ka\u017cdego 29 dnia miesi\u0105ca. W czwartek ko\u0144czymy nabo\u017ce\u0144stwa r\u00f3\u017ca\u0144cowe. Dzi\u0119kuj\u0119 mieszka\u0144com wiosek, dzieciom komunijnym i ministrantom za prowadzenie r\u00f3\u017ca\u0144ca. Niech MB R\u00f3\u017ca\u0144cowa b\u0119dzie dla Was Or\u0119downiczk\u0105 i wyprasza u [&hellip;]","og_url":"https:\/\/parafiajozwikow.pl\/index.php\/2024\/11\/01\/ogloszenia-27-pazdziernik-2024-rok\/","og_site_name":"Parafia pw. MB Nieustaj\u0105cej Pomocy w J\u00f3\u017awikowie","article_published_time":"2024-11-01T08:41:38+00:00","article_modified_time":"2024-11-01T08:42:48+00:00","author":"Parafia31","twitter_card":"summary_large_image","twitter_misc":{"Napisane przez":"Parafia31","Szacowany czas czytania":"3 minuty"},"schema":{"@context":"https:\/\/schema.org","@graph":[{"@type":"Article","@id":"https:\/\/parafiajozwikow.pl\/index.php\/2024\/11\/01\/ogloszenia-27-pazdziernik-2024-rok\/#article","isPartOf":{"@id":"https:\/\/parafiajozwikow.pl\/index.php\/2024\/11\/01\/ogloszenia-27-pazdziernik-2024-rok\/"},"author":{"name":"Parafia31","@id":"https:\/\/parafiajozwikow.pl\/#\/schema\/person\/e7f3d7fb6e7074647ae54aa7c502ab68"},"headline":"Og\u0142oszenia 27 pa\u017adziernik 2024 rok","datePublished":"2024-11-01T08:41:38+00:00","dateModified":"2024-11-01T08:42:48+00:00","mainEntityOfPage":{"@id":"https:\/\/parafiajozwikow.pl\/index.php\/2024\/11\/01\/ogloszenia-27-pazdziernik-2024-rok\/"},"wordCount":597,"articleSection":["Og\u0142oszenia"],"inLanguage":"pl-PL"},{"@type":"WebPage","@id":"https:\/\/parafiajozwikow.pl\/index.php\/2024\/11\/01\/ogloszenia-27-pazdziernik-2024-rok\/","url":"https:\/\/parafiajozwikow.pl\/index.php\/2024\/11\/01\/ogloszenia-27-pazdziernik-2024-rok\/","name":"Og\u0142oszenia 27 pa\u017adziernik 2024 rok - Parafia pw. MB Nieustaj\u0105cej Pomocy w J\u00f3\u017awikowie","isPartOf":{"@id":"https:\/\/parafiajozwikow.pl\/#website"},"datePublished":"2024-11-01T08:41:38+00:00","dateModified":"2024-11-01T08:42:48+00:00","author":{"@id":"https:\/\/parafiajozwikow.pl\/#\/schema\/person\/e7f3d7fb6e7074647ae54aa7c502ab68"},"breadcrumb":{"@id":"https:\/\/parafiajozwikow.pl\/index.php\/2024\/11\/01\/ogloszenia-27-pazdziernik-2024-rok\/#breadcrumb"},"inLanguage":"pl-PL","potentialAction":[{"@type":"ReadAction","target":["https:\/\/parafiajozwikow.pl\/index.php\/2024\/11\/01\/ogloszenia-27-pazdziernik-2024-rok\/"]}]},{"@type":"BreadcrumbList","@id":"https:\/\/parafiajozwikow.pl\/index.php\/2024\/11\/01\/ogloszenia-27-pazdziernik-2024-rok\/#breadcrumb","itemListElement":[{"@type":"ListItem","position":1,"name":"Strona g\u0142\u00f3wna","item":"https:\/\/parafiajozwikow.pl\/"},{"@type":"ListItem","position":2,"name":"Og\u0142oszenia 27 pa\u017adziernik 2024 rok"}]},{"@type":"WebSite","@id":"https:\/\/parafiajozwikow.pl\/#website","url":"https:\/\/parafiajozwikow.pl\/","name":"Parafia pw. MB Nieustaj\u0105cej Pomocy w J\u00f3\u017awikowie","description":"","potentialAction":[{"@type":"SearchAction","target":{"@type":"EntryPoint","urlTemplate":"https:\/\/parafiajozwikow.pl\/?s={search_term_string}"},"query-input":{"@type":"PropertyValueSpecification","valueRequired":true,"valueName":"search_term_string"}}],"inLanguage":"pl-PL"},{"@type":"Person","@id":"https:\/\/parafiajozwikow.pl\/#\/schema\/person\/e7f3d7fb6e7074647ae54aa7c502ab68","name":"Parafia31","image":{"@type":"ImageObject","inLanguage":"pl-PL","@id":"https:\/\/secure.gravatar.com\/avatar\/c037a6915792c85653487888df401463264c2c5701ceb484fd9c9f363c7d9964?s=96&d=mm&r=g","url":"https:\/\/secure.gravatar.com\/avatar\/c037a6915792c85653487888df401463264c2c5701ceb484fd9c9f363c7d9964?s=96&d=mm&r=g","contentUrl":"https:\/\/secure.gravatar.com\/avatar\/c037a6915792c85653487888df401463264c2c5701ceb484fd9c9f363c7d9964?s=96&d=mm&r=g","caption":"Parafia31"},"sameAs":["http:\/\/parafiajozwikow.pl"],"url":"https:\/\/parafiajozwikow.pl\/index.php\/author\/parafia31\/"}]}},"_links":{"self":[{"href":"https:\/\/parafiajozwikow.pl\/index.php\/wp-json\/wp\/v2\/posts\/1877","targetHints":{"allow":["GET"]}}],"collection":[{"href":"https:\/\/parafiajozwikow.pl\/index.php\/wp-json\/wp\/v2\/posts"}],"about":[{"href":"https:\/\/parafiajozwikow.pl\/index.php\/wp-json\/wp\/v2\/types\/post"}],"author":[{"embeddable":true,"href":"https:\/\/parafiajozwikow.pl\/index.php\/wp-json\/wp\/v2\/users\/1"}],"replies":[{"embeddable":true,"href":"https:\/\/parafiajozwikow.pl\/index.php\/wp-json\/wp\/v2\/comments?post=1877"}],"version-history":[{"count":4,"href":"https:\/\/parafiajozwikow.pl\/index.php\/wp-json\/wp\/v2\/posts\/1877\/revisions"}],"predecessor-version":[{"id":1881,"href":"https:\/\/parafiajozwikow.pl\/index.php\/wp-json\/wp\/v2\/posts\/1877\/revisions\/1881"}],"wp:attachment":[{"href":"https:\/\/parafiajozwikow.pl\/index.php\/wp-json\/wp\/v2\/media?parent=1877"}],"wp:term":[{"taxonomy":"category","embeddable":true,"href":"https:\/\/parafiajozwikow.pl\/index.php\/wp-json\/wp\/v2\/categories?post=1877"},{"taxonomy":"post_tag","embeddable":true,"href":"https:\/\/parafiajozwikow.pl\/index.php\/wp-json\/wp\/v2\/tags?post=1877"}],"curies":[{"name":"wp","href":"https:\/\/api.w.org\/{rel}","templated":true}]}}