{"id":1796,"date":"2024-09-22T08:47:27","date_gmt":"2024-09-22T08:47:27","guid":{"rendered":"https:\/\/parafiajozwikow.pl\/?p=1796"},"modified":"2024-09-22T08:50:33","modified_gmt":"2024-09-22T08:50:33","slug":"ogloszenia-22-wrzesien-2024-rok","status":"publish","type":"post","link":"https:\/\/parafiajozwikow.pl\/index.php\/2024\/09\/22\/ogloszenia-22-wrzesien-2024-rok\/","title":{"rendered":"Og\u0142oszenia 22 wrzesie\u0144 2024 rok"},"content":{"rendered":"\t\t<div data-elementor-type=\"wp-post\" data-elementor-id=\"1796\" class=\"elementor elementor-1796\">\n\t\t\t\t\t\t<section class=\"elementor-section elementor-top-section elementor-element elementor-element-c99a173 elementor-section-boxed elementor-section-height-default elementor-section-height-default\" data-id=\"c99a173\" data-element_type=\"section\" data-e-type=\"section\">\n\t\t\t\t\t\t<div class=\"elementor-container elementor-column-gap-default\">\n\t\t\t\t\t<div class=\"elementor-column elementor-col-100 elementor-top-column elementor-element elementor-element-adf22f9\" data-id=\"adf22f9\" data-element_type=\"column\" data-e-type=\"column\">\n\t\t\t<div class=\"elementor-widget-wrap elementor-element-populated\">\n\t\t\t\t\t\t<div class=\"elementor-element elementor-element-80f6ee4 elementor-widget-divider--view-line elementor-widget elementor-widget-divider\" data-id=\"80f6ee4\" data-element_type=\"widget\" data-e-type=\"widget\" data-widget_type=\"divider.default\">\n\t\t\t\t<div class=\"elementor-widget-container\">\n\t\t\t\t\t\t\t<div class=\"elementor-divider\">\n\t\t\t<span class=\"elementor-divider-separator\">\n\t\t\t\t\t\t<\/span>\n\t\t<\/div>\n\t\t\t\t\t\t<\/div>\n\t\t\t\t<\/div>\n\t\t\t\t<div class=\"elementor-element elementor-element-4b81da7 elementor-widget elementor-widget-text-editor\" data-id=\"4b81da7\" data-element_type=\"widget\" data-e-type=\"widget\" data-widget_type=\"text-editor.default\">\n\t\t\t\t<div class=\"elementor-widget-container\">\n\t\t\t\t\t\t\t\t\t<ol><li>W nast\u0119pn\u0105 niedziel\u0119 w na Mszy \u015bw. o godz. 09:00 po\u015bwi\u0119cenie r\u00f3\u017ca\u0144c\u00f3w dzieciom przygotowuj\u0105cym si\u0119 do I Komunii \u015aw.<\/li><li>Za tydzie\u0144 w niedziel\u0119, 29 wrze\u015bnia prze\u017cywa\u0107 b\u0119dziemy nasz parafialny odpust ku czci \u015bw. Micha\u0142a Archanio\u0142a. Suma odpustowa o godz. 12:00. Kazanie odpustowe wyg\u0142osi ks. Pawe\u0142 Gogacz, prob. z parafii \u015bw. Jadwigi Kr\u00f3lowej z Radomia.<\/li><li>Mo\u017cna zamawia\u0107 intencje na przysz\u0142y rok. S\u0105 jeszcze wolne intencje na ten rok. Zach\u0119cam do ofiarowania mszy \u015bw. w intencji naszych zmar\u0142ych, np. w rocz. \u015bm. jak i za \u017cywych np. z racji 18-tych urodzin, jubileuszy ma\u0142\u017ce\u0144skich, o zdrowie dla kogo\u015b z rodziny czy \u0142ask\u0119 nawr\u00f3cenia itp.<\/li><li>Mo\u017cna te\u017c zamawia\u0107 wypominki na nowy rok \/od listopada tego roku\/. Kartki na tygodniowe wypominki s\u0105 wy\u0142o\u017cone na stoliku.<\/li><li>B\u00f3g zap\u0142a\u0107 za sprz\u0105tanie ko\u015bcio\u0142a i ofiary na \u015brodki czysto\u015bci rodz. Wies\u0142awy Bujak i Jana Szwedkowicza. W sobot\u0119 do sprz\u0105tania zapraszam rodz. Szczepana Serafina i Marioli Sobala z Sarbic Drugich.<\/li><li>Ofiar\u0119 na cmentarz z\u0142o\u017cy\u0142 Miros\u0142aw Krzompa \u2013 40z\u0142. B\u00f3g zap\u0142a\u0107.<\/li><li>W odpowiedzi na Apel Przewodnicz\u0105cego Konferencji Episkopatu Polski w zwi\u0105zku z dramatyczn\u0105 powodzi\u0105, kt\u00f3ra dotkn\u0119\u0142a po\u0142udniowo-zachodni\u0105 cz\u0119\u015b\u0107 Polski, oraz po uzgodnieniu z Ks. Biskupem Ordynariuszem Markiem Solarczykiem dzi\u015b organizowana jest og\u00f3lnopolska zbi\u00f3rka do puszek \u015brodk\u00f3w finansowych, kt\u00f3re za po\u015brednictwem Caritas, zostan\u0105 przekazane na pomoc poszkodowanym. Za dar modlitwy i ofiary do puszki w imieniu Caritas sk\u0142adam serdeczne B\u00f3g zap\u0142a\u0107.<\/li><li>Dzisiaj w ,,Go\u015bciu Niedzielnym\u201d obszerny raport o sytuacji na terenach bole\u015bnie do\u015bwiadczonych skutkami powodzi i o tym, jak pom\u00f3c poszkodowanym ludziom. Zach\u0119cam do lektury. GN -10z\u0142.<\/li><\/ol><p>\u00a0<\/p><p>Wszystkim Parafianom, Sympatykom i Dobrodziejom oraz przyby\u0142ym Go\u015bciom \u017cycz\u0119 radosnego \u015bwi\u0119towania Niedzieli w gronie najbli\u017cszych, a Solenizantom i Jubilatom zbli\u017caj\u0105cego si\u0119 tygodnia, obfito\u015bci Bo\u017cych \u0142ask i wszelkiej pomy\u015blno\u015bci.<\/p><p>SZCZ\u0118\u015a\u0106 BO\u017bE!<\/p>\t\t\t\t\t\t\t\t<\/div>\n\t\t\t\t<\/div>\n\t\t\t\t\t<\/div>\n\t\t<\/div>\n\t\t\t\t\t<\/div>\n\t\t<\/section>\n\t\t\t\t<\/div>\n\t\t","protected":false},"excerpt":{"rendered":"<p>W nast\u0119pn\u0105 niedziel\u0119 w na Mszy \u015bw. o godz. 09:00 po\u015bwi\u0119cenie r\u00f3\u017ca\u0144c\u00f3w dzieciom przygotowuj\u0105cym si\u0119 do I Komunii \u015aw. Za tydzie\u0144 w niedziel\u0119, 29 wrze\u015bnia prze\u017cywa\u0107 b\u0119dziemy nasz parafialny odpust ku czci \u015bw. Micha\u0142a Archanio\u0142a. Suma odpustowa o godz. 12:00. Kazanie odpustowe wyg\u0142osi ks. Pawe\u0142 Gogacz, prob. z parafii \u015bw. Jadwigi Kr\u00f3lowej z Radomia. Mo\u017cna [&hellip;]<\/p>\n","protected":false},"author":1,"featured_media":0,"comment_status":"closed","ping_status":"closed","sticky":false,"template":"","format":"standard","meta":{"site-sidebar-layout":"default","site-content-layout":"","ast-site-content-layout":"default","site-content-style":"default","site-sidebar-style":"default","ast-global-header-display":"","ast-banner-title-visibility":"","ast-main-header-display":"","ast-hfb-above-header-display":"","ast-hfb-below-header-display":"","ast-hfb-mobile-header-display":"","site-post-title":"","ast-breadcrumbs-content":"","ast-featured-img":"","footer-sml-layout":"","ast-disable-related-posts":"","theme-transparent-header-meta":"","adv-header-id-meta":"","stick-header-meta":"","header-above-stick-meta":"","header-main-stick-meta":"","header-below-stick-meta":"","astra-migrate-meta-layouts":"set","ast-page-background-enabled":"default","ast-page-background-meta":{"desktop":{"background-color":"var(--ast-global-color-4)","background-image":"","background-repeat":"repeat","background-position":"center center","background-size":"auto","background-attachment":"scroll","background-type":"","background-media":"","overlay-type":"","overlay-color":"","overlay-opacity":"","overlay-gradient":""},"tablet":{"background-color":"","background-image":"","background-repeat":"repeat","background-position":"center center","background-size":"auto","background-attachment":"scroll","background-type":"","background-media":"","overlay-type":"","overlay-color":"","overlay-opacity":"","overlay-gradient":""},"mobile":{"background-color":"","background-image":"","background-repeat":"repeat","background-position":"center center","background-size":"auto","background-attachment":"scroll","background-type":"","background-media":"","overlay-type":"","overlay-color":"","overlay-opacity":"","overlay-gradient":""}},"ast-content-background-meta":{"desktop":{"background-color":"var(--ast-global-color-5)","background-image":"","background-repeat":"repeat","background-position":"center center","background-size":"auto","background-attachment":"scroll","background-type":"","background-media":"","overlay-type":"","overlay-color":"","overlay-opacity":"","overlay-gradient":""},"tablet":{"background-color":"var(--ast-global-color-5)","background-image":"","background-repeat":"repeat","background-position":"center center","background-size":"auto","background-attachment":"scroll","background-type":"","background-media":"","overlay-type":"","overlay-color":"","overlay-opacity":"","overlay-gradient":""},"mobile":{"background-color":"var(--ast-global-color-5)","background-image":"","background-repeat":"repeat","background-position":"center center","background-size":"auto","background-attachment":"scroll","background-type":"","background-media":"","overlay-type":"","overlay-color":"","overlay-opacity":"","overlay-gradient":""}},"footnotes":""},"categories":[6],"tags":[],"class_list":["post-1796","post","type-post","status-publish","format-standard","hentry","category-ogloszenia"],"yoast_head":"<!-- This site is optimized with the Yoast SEO plugin v27.4 - https:\/\/yoast.com\/product\/yoast-seo-wordpress\/ -->\n<title>Og\u0142oszenia 22 wrzesie\u0144 2024 rok - Parafia pw. MB Nieustaj\u0105cej Pomocy w J\u00f3\u017awikowie<\/title>\n<meta name=\"robots\" content=\"index, follow, max-snippet:-1, max-image-preview:large, max-video-preview:-1\" \/>\n<link rel=\"canonical\" href=\"https:\/\/parafiajozwikow.pl\/index.php\/2024\/09\/22\/ogloszenia-22-wrzesien-2024-rok\/\" \/>\n<meta property=\"og:locale\" content=\"pl_PL\" \/>\n<meta property=\"og:type\" content=\"article\" \/>\n<meta property=\"og:title\" content=\"Og\u0142oszenia 22 wrzesie\u0144 2024 rok - Parafia pw. MB Nieustaj\u0105cej Pomocy w J\u00f3\u017awikowie\" \/>\n<meta property=\"og:description\" content=\"W nast\u0119pn\u0105 niedziel\u0119 w na Mszy \u015bw. o godz. 09:00 po\u015bwi\u0119cenie r\u00f3\u017ca\u0144c\u00f3w dzieciom przygotowuj\u0105cym si\u0119 do I Komunii \u015aw. Za tydzie\u0144 w niedziel\u0119, 29 wrze\u015bnia prze\u017cywa\u0107 b\u0119dziemy nasz parafialny odpust ku czci \u015bw. Micha\u0142a Archanio\u0142a. Suma odpustowa o godz. 12:00. Kazanie odpustowe wyg\u0142osi ks. Pawe\u0142 Gogacz, prob. z parafii \u015bw. Jadwigi Kr\u00f3lowej z Radomia. Mo\u017cna [&hellip;]\" \/>\n<meta property=\"og:url\" content=\"https:\/\/parafiajozwikow.pl\/index.php\/2024\/09\/22\/ogloszenia-22-wrzesien-2024-rok\/\" \/>\n<meta property=\"og:site_name\" content=\"Parafia pw. MB Nieustaj\u0105cej Pomocy w J\u00f3\u017awikowie\" \/>\n<meta property=\"article:published_time\" content=\"2024-09-22T08:47:27+00:00\" \/>\n<meta property=\"article:modified_time\" content=\"2024-09-22T08:50:33+00:00\" \/>\n<meta name=\"author\" content=\"Parafia31\" \/>\n<meta name=\"twitter:card\" content=\"summary_large_image\" \/>\n<meta name=\"twitter:label1\" content=\"Napisane przez\" \/>\n\t<meta name=\"twitter:data1\" content=\"Parafia31\" \/>\n\t<meta name=\"twitter:label2\" content=\"Szacowany czas czytania\" \/>\n\t<meta name=\"twitter:data2\" content=\"2 minuty\" \/>\n<script type=\"application\/ld+json\" class=\"yoast-schema-graph\">{\"@context\":\"https:\\\/\\\/schema.org\",\"@graph\":[{\"@type\":\"Article\",\"@id\":\"https:\\\/\\\/parafiajozwikow.pl\\\/index.php\\\/2024\\\/09\\\/22\\\/ogloszenia-22-wrzesien-2024-rok\\\/#article\",\"isPartOf\":{\"@id\":\"https:\\\/\\\/parafiajozwikow.pl\\\/index.php\\\/2024\\\/09\\\/22\\\/ogloszenia-22-wrzesien-2024-rok\\\/\"},\"author\":{\"name\":\"Parafia31\",\"@id\":\"https:\\\/\\\/parafiajozwikow.pl\\\/#\\\/schema\\\/person\\\/e7f3d7fb6e7074647ae54aa7c502ab68\"},\"headline\":\"Og\u0142oszenia 22 wrzesie\u0144 2024 rok\",\"datePublished\":\"2024-09-22T08:47:27+00:00\",\"dateModified\":\"2024-09-22T08:50:33+00:00\",\"mainEntityOfPage\":{\"@id\":\"https:\\\/\\\/parafiajozwikow.pl\\\/index.php\\\/2024\\\/09\\\/22\\\/ogloszenia-22-wrzesien-2024-rok\\\/\"},\"wordCount\":342,\"articleSection\":[\"Og\u0142oszenia\"],\"inLanguage\":\"pl-PL\"},{\"@type\":\"WebPage\",\"@id\":\"https:\\\/\\\/parafiajozwikow.pl\\\/index.php\\\/2024\\\/09\\\/22\\\/ogloszenia-22-wrzesien-2024-rok\\\/\",\"url\":\"https:\\\/\\\/parafiajozwikow.pl\\\/index.php\\\/2024\\\/09\\\/22\\\/ogloszenia-22-wrzesien-2024-rok\\\/\",\"name\":\"Og\u0142oszenia 22 wrzesie\u0144 2024 rok - Parafia pw. MB Nieustaj\u0105cej Pomocy w J\u00f3\u017awikowie\",\"isPartOf\":{\"@id\":\"https:\\\/\\\/parafiajozwikow.pl\\\/#website\"},\"datePublished\":\"2024-09-22T08:47:27+00:00\",\"dateModified\":\"2024-09-22T08:50:33+00:00\",\"author\":{\"@id\":\"https:\\\/\\\/parafiajozwikow.pl\\\/#\\\/schema\\\/person\\\/e7f3d7fb6e7074647ae54aa7c502ab68\"},\"breadcrumb\":{\"@id\":\"https:\\\/\\\/parafiajozwikow.pl\\\/index.php\\\/2024\\\/09\\\/22\\\/ogloszenia-22-wrzesien-2024-rok\\\/#breadcrumb\"},\"inLanguage\":\"pl-PL\",\"potentialAction\":[{\"@type\":\"ReadAction\",\"target\":[\"https:\\\/\\\/parafiajozwikow.pl\\\/index.php\\\/2024\\\/09\\\/22\\\/ogloszenia-22-wrzesien-2024-rok\\\/\"]}]},{\"@type\":\"BreadcrumbList\",\"@id\":\"https:\\\/\\\/parafiajozwikow.pl\\\/index.php\\\/2024\\\/09\\\/22\\\/ogloszenia-22-wrzesien-2024-rok\\\/#breadcrumb\",\"itemListElement\":[{\"@type\":\"ListItem\",\"position\":1,\"name\":\"Strona g\u0142\u00f3wna\",\"item\":\"https:\\\/\\\/parafiajozwikow.pl\\\/\"},{\"@type\":\"ListItem\",\"position\":2,\"name\":\"Og\u0142oszenia 22 wrzesie\u0144 2024 rok\"}]},{\"@type\":\"WebSite\",\"@id\":\"https:\\\/\\\/parafiajozwikow.pl\\\/#website\",\"url\":\"https:\\\/\\\/parafiajozwikow.pl\\\/\",\"name\":\"Parafia pw. MB Nieustaj\u0105cej Pomocy w J\u00f3\u017awikowie\",\"description\":\"\",\"potentialAction\":[{\"@type\":\"SearchAction\",\"target\":{\"@type\":\"EntryPoint\",\"urlTemplate\":\"https:\\\/\\\/parafiajozwikow.pl\\\/?s={search_term_string}\"},\"query-input\":{\"@type\":\"PropertyValueSpecification\",\"valueRequired\":true,\"valueName\":\"search_term_string\"}}],\"inLanguage\":\"pl-PL\"},{\"@type\":\"Person\",\"@id\":\"https:\\\/\\\/parafiajozwikow.pl\\\/#\\\/schema\\\/person\\\/e7f3d7fb6e7074647ae54aa7c502ab68\",\"name\":\"Parafia31\",\"image\":{\"@type\":\"ImageObject\",\"inLanguage\":\"pl-PL\",\"@id\":\"https:\\\/\\\/secure.gravatar.com\\\/avatar\\\/c037a6915792c85653487888df401463264c2c5701ceb484fd9c9f363c7d9964?s=96&d=mm&r=g\",\"url\":\"https:\\\/\\\/secure.gravatar.com\\\/avatar\\\/c037a6915792c85653487888df401463264c2c5701ceb484fd9c9f363c7d9964?s=96&d=mm&r=g\",\"contentUrl\":\"https:\\\/\\\/secure.gravatar.com\\\/avatar\\\/c037a6915792c85653487888df401463264c2c5701ceb484fd9c9f363c7d9964?s=96&d=mm&r=g\",\"caption\":\"Parafia31\"},\"sameAs\":[\"http:\\\/\\\/parafiajozwikow.pl\"],\"url\":\"https:\\\/\\\/parafiajozwikow.pl\\\/index.php\\\/author\\\/parafia31\\\/\"}]}<\/script>\n<!-- \/ Yoast SEO plugin. -->","yoast_head_json":{"title":"Og\u0142oszenia 22 wrzesie\u0144 2024 rok - Parafia pw. MB Nieustaj\u0105cej Pomocy w J\u00f3\u017awikowie","robots":{"index":"index","follow":"follow","max-snippet":"max-snippet:-1","max-image-preview":"max-image-preview:large","max-video-preview":"max-video-preview:-1"},"canonical":"https:\/\/parafiajozwikow.pl\/index.php\/2024\/09\/22\/ogloszenia-22-wrzesien-2024-rok\/","og_locale":"pl_PL","og_type":"article","og_title":"Og\u0142oszenia 22 wrzesie\u0144 2024 rok - Parafia pw. MB Nieustaj\u0105cej Pomocy w J\u00f3\u017awikowie","og_description":"W nast\u0119pn\u0105 niedziel\u0119 w na Mszy \u015bw. o godz. 09:00 po\u015bwi\u0119cenie r\u00f3\u017ca\u0144c\u00f3w dzieciom przygotowuj\u0105cym si\u0119 do I Komunii \u015aw. Za tydzie\u0144 w niedziel\u0119, 29 wrze\u015bnia prze\u017cywa\u0107 b\u0119dziemy nasz parafialny odpust ku czci \u015bw. Micha\u0142a Archanio\u0142a. Suma odpustowa o godz. 12:00. Kazanie odpustowe wyg\u0142osi ks. Pawe\u0142 Gogacz, prob. z parafii \u015bw. Jadwigi Kr\u00f3lowej z Radomia. Mo\u017cna [&hellip;]","og_url":"https:\/\/parafiajozwikow.pl\/index.php\/2024\/09\/22\/ogloszenia-22-wrzesien-2024-rok\/","og_site_name":"Parafia pw. MB Nieustaj\u0105cej Pomocy w J\u00f3\u017awikowie","article_published_time":"2024-09-22T08:47:27+00:00","article_modified_time":"2024-09-22T08:50:33+00:00","author":"Parafia31","twitter_card":"summary_large_image","twitter_misc":{"Napisane przez":"Parafia31","Szacowany czas czytania":"2 minuty"},"schema":{"@context":"https:\/\/schema.org","@graph":[{"@type":"Article","@id":"https:\/\/parafiajozwikow.pl\/index.php\/2024\/09\/22\/ogloszenia-22-wrzesien-2024-rok\/#article","isPartOf":{"@id":"https:\/\/parafiajozwikow.pl\/index.php\/2024\/09\/22\/ogloszenia-22-wrzesien-2024-rok\/"},"author":{"name":"Parafia31","@id":"https:\/\/parafiajozwikow.pl\/#\/schema\/person\/e7f3d7fb6e7074647ae54aa7c502ab68"},"headline":"Og\u0142oszenia 22 wrzesie\u0144 2024 rok","datePublished":"2024-09-22T08:47:27+00:00","dateModified":"2024-09-22T08:50:33+00:00","mainEntityOfPage":{"@id":"https:\/\/parafiajozwikow.pl\/index.php\/2024\/09\/22\/ogloszenia-22-wrzesien-2024-rok\/"},"wordCount":342,"articleSection":["Og\u0142oszenia"],"inLanguage":"pl-PL"},{"@type":"WebPage","@id":"https:\/\/parafiajozwikow.pl\/index.php\/2024\/09\/22\/ogloszenia-22-wrzesien-2024-rok\/","url":"https:\/\/parafiajozwikow.pl\/index.php\/2024\/09\/22\/ogloszenia-22-wrzesien-2024-rok\/","name":"Og\u0142oszenia 22 wrzesie\u0144 2024 rok - Parafia pw. MB Nieustaj\u0105cej Pomocy w J\u00f3\u017awikowie","isPartOf":{"@id":"https:\/\/parafiajozwikow.pl\/#website"},"datePublished":"2024-09-22T08:47:27+00:00","dateModified":"2024-09-22T08:50:33+00:00","author":{"@id":"https:\/\/parafiajozwikow.pl\/#\/schema\/person\/e7f3d7fb6e7074647ae54aa7c502ab68"},"breadcrumb":{"@id":"https:\/\/parafiajozwikow.pl\/index.php\/2024\/09\/22\/ogloszenia-22-wrzesien-2024-rok\/#breadcrumb"},"inLanguage":"pl-PL","potentialAction":[{"@type":"ReadAction","target":["https:\/\/parafiajozwikow.pl\/index.php\/2024\/09\/22\/ogloszenia-22-wrzesien-2024-rok\/"]}]},{"@type":"BreadcrumbList","@id":"https:\/\/parafiajozwikow.pl\/index.php\/2024\/09\/22\/ogloszenia-22-wrzesien-2024-rok\/#breadcrumb","itemListElement":[{"@type":"ListItem","position":1,"name":"Strona g\u0142\u00f3wna","item":"https:\/\/parafiajozwikow.pl\/"},{"@type":"ListItem","position":2,"name":"Og\u0142oszenia 22 wrzesie\u0144 2024 rok"}]},{"@type":"WebSite","@id":"https:\/\/parafiajozwikow.pl\/#website","url":"https:\/\/parafiajozwikow.pl\/","name":"Parafia pw. MB Nieustaj\u0105cej Pomocy w J\u00f3\u017awikowie","description":"","potentialAction":[{"@type":"SearchAction","target":{"@type":"EntryPoint","urlTemplate":"https:\/\/parafiajozwikow.pl\/?s={search_term_string}"},"query-input":{"@type":"PropertyValueSpecification","valueRequired":true,"valueName":"search_term_string"}}],"inLanguage":"pl-PL"},{"@type":"Person","@id":"https:\/\/parafiajozwikow.pl\/#\/schema\/person\/e7f3d7fb6e7074647ae54aa7c502ab68","name":"Parafia31","image":{"@type":"ImageObject","inLanguage":"pl-PL","@id":"https:\/\/secure.gravatar.com\/avatar\/c037a6915792c85653487888df401463264c2c5701ceb484fd9c9f363c7d9964?s=96&d=mm&r=g","url":"https:\/\/secure.gravatar.com\/avatar\/c037a6915792c85653487888df401463264c2c5701ceb484fd9c9f363c7d9964?s=96&d=mm&r=g","contentUrl":"https:\/\/secure.gravatar.com\/avatar\/c037a6915792c85653487888df401463264c2c5701ceb484fd9c9f363c7d9964?s=96&d=mm&r=g","caption":"Parafia31"},"sameAs":["http:\/\/parafiajozwikow.pl"],"url":"https:\/\/parafiajozwikow.pl\/index.php\/author\/parafia31\/"}]}},"_links":{"self":[{"href":"https:\/\/parafiajozwikow.pl\/index.php\/wp-json\/wp\/v2\/posts\/1796","targetHints":{"allow":["GET"]}}],"collection":[{"href":"https:\/\/parafiajozwikow.pl\/index.php\/wp-json\/wp\/v2\/posts"}],"about":[{"href":"https:\/\/parafiajozwikow.pl\/index.php\/wp-json\/wp\/v2\/types\/post"}],"author":[{"embeddable":true,"href":"https:\/\/parafiajozwikow.pl\/index.php\/wp-json\/wp\/v2\/users\/1"}],"replies":[{"embeddable":true,"href":"https:\/\/parafiajozwikow.pl\/index.php\/wp-json\/wp\/v2\/comments?post=1796"}],"version-history":[{"count":4,"href":"https:\/\/parafiajozwikow.pl\/index.php\/wp-json\/wp\/v2\/posts\/1796\/revisions"}],"predecessor-version":[{"id":1800,"href":"https:\/\/parafiajozwikow.pl\/index.php\/wp-json\/wp\/v2\/posts\/1796\/revisions\/1800"}],"wp:attachment":[{"href":"https:\/\/parafiajozwikow.pl\/index.php\/wp-json\/wp\/v2\/media?parent=1796"}],"wp:term":[{"taxonomy":"category","embeddable":true,"href":"https:\/\/parafiajozwikow.pl\/index.php\/wp-json\/wp\/v2\/categories?post=1796"},{"taxonomy":"post_tag","embeddable":true,"href":"https:\/\/parafiajozwikow.pl\/index.php\/wp-json\/wp\/v2\/tags?post=1796"}],"curies":[{"name":"wp","href":"https:\/\/api.w.org\/{rel}","templated":true}]}}