{"id":1218,"date":"2023-12-16T18:47:47","date_gmt":"2023-12-16T18:47:47","guid":{"rendered":"https:\/\/parafiajozwikow.pl\/?p=1218"},"modified":"2023-12-16T18:49:59","modified_gmt":"2023-12-16T18:49:59","slug":"ogloszenia-17-grudzien-2023-rok","status":"publish","type":"post","link":"https:\/\/parafiajozwikow.pl\/index.php\/2023\/12\/16\/ogloszenia-17-grudzien-2023-rok\/","title":{"rendered":"Og\u0142oszenia 17 grudzie\u0144 2023 rok"},"content":{"rendered":"\t\t<div data-elementor-type=\"wp-post\" data-elementor-id=\"1218\" class=\"elementor elementor-1218\">\n\t\t\t\t\t\t<section class=\"elementor-section elementor-top-section elementor-element elementor-element-3776aa7 elementor-section-boxed elementor-section-height-default elementor-section-height-default\" data-id=\"3776aa7\" data-element_type=\"section\" data-e-type=\"section\">\n\t\t\t\t\t\t<div class=\"elementor-container elementor-column-gap-default\">\n\t\t\t\t\t<div class=\"elementor-column elementor-col-100 elementor-top-column elementor-element elementor-element-868b84e\" data-id=\"868b84e\" data-element_type=\"column\" data-e-type=\"column\">\n\t\t\t<div class=\"elementor-widget-wrap elementor-element-populated\">\n\t\t\t\t\t\t<div class=\"elementor-element elementor-element-8789c3d elementor-widget-divider--view-line elementor-widget elementor-widget-divider\" data-id=\"8789c3d\" data-element_type=\"widget\" data-e-type=\"widget\" data-widget_type=\"divider.default\">\n\t\t\t\t<div class=\"elementor-widget-container\">\n\t\t\t\t\t\t\t<div class=\"elementor-divider\">\n\t\t\t<span class=\"elementor-divider-separator\">\n\t\t\t\t\t\t<\/span>\n\t\t<\/div>\n\t\t\t\t\t\t<\/div>\n\t\t\t\t<\/div>\n\t\t\t\t<div class=\"elementor-element elementor-element-6f0773e elementor-widget elementor-widget-text-editor\" data-id=\"6f0773e\" data-element_type=\"widget\" data-e-type=\"widget\" data-widget_type=\"text-editor.default\">\n\t\t\t\t<div class=\"elementor-widget-container\">\n\t\t\t\t\t\t\t\t\t<ol><li>Dzi\u015b trzecia niedziela Adwentu tzw. <strong>Gaudete. <\/strong>Radujemy si\u0119, bo blisko jest Pan!<\/li><li><strong>\u00a0<\/strong>W trzecim tygodniu Adwentu w spos\u00f3b szczeg\u00f3lny modlimy si\u0119 <strong>o \u017cycie chrze\u015bcija\u0144skie rodzin <\/strong>oraz <strong>w intencji przygotowuj\u0105cych si\u0119 do ma\u0142\u017ce\u0144stwa. <\/strong><\/li><li>W sobot\u0119 o 8:30 ostatnie Roraty.<\/li><li><strong>\u00a0<\/strong>21 grudnia, w czwartek, od godz. 09:00, <strong>pragn\u0119 odwiedzi\u0107<\/strong> <strong>chorych z pos\u0142ug\u0105 sakramentaln\u0105 przed \u015bwi\u0119tami. <\/strong>Prosz\u0119 zg\u0142asza\u0107 adresy w zakrystii lub telefonicznie.<\/li><li><strong>\u00a0<\/strong>W zakrystii s\u0105 jeszcze do nabycia <strong>op\u0142atki<\/strong> na st\u00f3\u0142 wigilijny. \u015awiec ju\u017c nie ma.<\/li><li><strong>\u00a0<\/strong>Dzi\u0119kuj\u0119 za sprz\u0105tanie ko\u015bcio\u0142a i ofiary po 50z\u0142 rodz. S\u0142awomira Tomasika i Jana Ciszka. Za tydzie\u0144 do sprz\u0105tania ko\u015bcio\u0142a prosz\u0119 rodz. Zbigniewa Sadkowskiego i Beaty Krzompy z Sarbic Drugich.<\/li><li><strong>\u00a0<\/strong>Prosz\u0119 mieszka\u0144c\u00f3w Sarbic Drugich o wykonanie szopki i dekoracji na Bo\u017ce Narodzenie. Tworzymy now\u0105 tradycj\u0119 dzi\u0119ki kt\u00f3rej poszczeg\u00f3lne miejscowo\u015bci , co roku inna, b\u0119d\u0105 odpowiedzialni za dekoracj\u0119 wielkanocn\u0105, czyli Gr\u00f3b Pa\u0144ski, bo\u017conarodzeniow\u0105 i o\u0142tarz przy ko\u015bciele na Bo\u017ce Cia\u0142o. W 2024 roku zajm\u0105 si\u0119 tym mieszka\u0144cy J\u00f3\u017awikowa i Gruszki.<\/li><li>Ko\u0144czy si\u0119 rok kalendarzowy, dlatego prosz\u0119 sprawdzi\u0107 na stronie internetowej cmentarza parafialnego dat\u0119 wa\u017cno\u015bci grobu. Nowe prawo cmentarne przewiduje dwie op\u0142aty: <strong>roczn\u0105 tzw. KTSC,<\/strong> na utrzymanie cmentarza \/40z\u0142\/ oraz na 20 lat tzw. <strong>dzier\u017cawcz\u0105<\/strong> \/300z\u0142 od grobu\/. Gr\u00f3b traci wa\u017cno\u015b\u0107 po up\u0142ywie dwudziestu lat od ostatniego pochowania.<\/li><li>B\u00f3g zap\u0142a\u0107 za ofiary z\u0142o\u017cone na tac\u0119 gospodarcz\u0105- <strong>735z\u0142 <\/strong>oraz do puszki na Pomoc Ko\u015bcio\u0142owi na Wschodzie \/na Ukrainie\/- <strong>167z\u0142.<\/strong><\/li><li>Dzisiaj w <strong><em>,,Go\u015bciu Niedzielnym\u201d <\/em><\/strong>bardzo przydatny dodatek specjalny <em>,, Czekaj\u0105c na Nowonarodzonego\u201d<\/em> z propozycj\u0105 rodzinnej modlitwy przed wieczerz\u0105 wigilijn\u0105. Jest r\u00f3wnie\u017c <strong><em>,,Ma\u0142y Go\u015b\u0107 Niedzielny\u201d<\/em> <\/strong>na grudzie\u0144, a w nim stajenka betlejemska do z\u0142o\u017cenia. Zach\u0119cam do lektury. GN -10z\u0142, MGN -7z\u0142.<\/li><\/ol><p>\u00a0<\/p><p><em>Wszystkim\u00a0 Parafianom, Sympatykom i Dobrodziejom oraz przyby\u0142ym Go\u015bciom <\/em><em>\u017cycz\u0119\u00a0 radosnego \u015bwi\u0119towania Niedzieli w gronie najbli\u017cszych, <\/em><em>a Solenizantom i Jubilatom zbli\u017caj\u0105cego si\u0119 tygodnia, <\/em><em>obfito\u015bci Bo\u017cych \u0142ask i wszelkiej pomy\u015blno\u015bci.<\/em><\/p><p><strong>SZCZ\u0118\u015a\u0106 BO\u017bE!<\/strong><\/p>\t\t\t\t\t\t\t\t<\/div>\n\t\t\t\t<\/div>\n\t\t\t\t\t<\/div>\n\t\t<\/div>\n\t\t\t\t\t<\/div>\n\t\t<\/section>\n\t\t\t\t<\/div>\n\t\t","protected":false},"excerpt":{"rendered":"<p>Dzi\u015b trzecia niedziela Adwentu tzw. Gaudete. Radujemy si\u0119, bo blisko jest Pan! \u00a0W trzecim tygodniu Adwentu w spos\u00f3b szczeg\u00f3lny modlimy si\u0119 o \u017cycie chrze\u015bcija\u0144skie rodzin oraz w intencji przygotowuj\u0105cych si\u0119 do ma\u0142\u017ce\u0144stwa. W sobot\u0119 o 8:30 ostatnie Roraty. \u00a021 grudnia, w czwartek, od godz. 09:00, pragn\u0119 odwiedzi\u0107 chorych z pos\u0142ug\u0105 sakramentaln\u0105 przed \u015bwi\u0119tami. Prosz\u0119 zg\u0142asza\u0107 [&hellip;]<\/p>\n","protected":false},"author":1,"featured_media":0,"comment_status":"closed","ping_status":"closed","sticky":false,"template":"","format":"standard","meta":{"site-sidebar-layout":"default","site-content-layout":"","ast-site-content-layout":"default","site-content-style":"default","site-sidebar-style":"default","ast-global-header-display":"","ast-banner-title-visibility":"","ast-main-header-display":"","ast-hfb-above-header-display":"","ast-hfb-below-header-display":"","ast-hfb-mobile-header-display":"","site-post-title":"","ast-breadcrumbs-content":"","ast-featured-img":"","footer-sml-layout":"","ast-disable-related-posts":"","theme-transparent-header-meta":"","adv-header-id-meta":"","stick-header-meta":"","header-above-stick-meta":"","header-main-stick-meta":"","header-below-stick-meta":"","astra-migrate-meta-layouts":"set","ast-page-background-enabled":"default","ast-page-background-meta":{"desktop":{"background-color":"var(--ast-global-color-4)","background-image":"","background-repeat":"repeat","background-position":"center center","background-size":"auto","background-attachment":"scroll","background-type":"","background-media":"","overlay-type":"","overlay-color":"","overlay-opacity":"","overlay-gradient":""},"tablet":{"background-color":"","background-image":"","background-repeat":"repeat","background-position":"center center","background-size":"auto","background-attachment":"scroll","background-type":"","background-media":"","overlay-type":"","overlay-color":"","overlay-opacity":"","overlay-gradient":""},"mobile":{"background-color":"","background-image":"","background-repeat":"repeat","background-position":"center center","background-size":"auto","background-attachment":"scroll","background-type":"","background-media":"","overlay-type":"","overlay-color":"","overlay-opacity":"","overlay-gradient":""}},"ast-content-background-meta":{"desktop":{"background-color":"var(--ast-global-color-5)","background-image":"","background-repeat":"repeat","background-position":"center center","background-size":"auto","background-attachment":"scroll","background-type":"","background-media":"","overlay-type":"","overlay-color":"","overlay-opacity":"","overlay-gradient":""},"tablet":{"background-color":"var(--ast-global-color-5)","background-image":"","background-repeat":"repeat","background-position":"center center","background-size":"auto","background-attachment":"scroll","background-type":"","background-media":"","overlay-type":"","overlay-color":"","overlay-opacity":"","overlay-gradient":""},"mobile":{"background-color":"var(--ast-global-color-5)","background-image":"","background-repeat":"repeat","background-position":"center center","background-size":"auto","background-attachment":"scroll","background-type":"","background-media":"","overlay-type":"","overlay-color":"","overlay-opacity":"","overlay-gradient":""}},"footnotes":""},"categories":[6],"tags":[],"class_list":["post-1218","post","type-post","status-publish","format-standard","hentry","category-ogloszenia"],"yoast_head":"<!-- This site is optimized with the Yoast SEO plugin v27.4 - https:\/\/yoast.com\/product\/yoast-seo-wordpress\/ -->\n<title>Og\u0142oszenia 17 grudzie\u0144 2023 rok - Parafia pw. MB Nieustaj\u0105cej Pomocy w J\u00f3\u017awikowie<\/title>\n<meta name=\"robots\" content=\"index, follow, max-snippet:-1, max-image-preview:large, max-video-preview:-1\" \/>\n<link rel=\"canonical\" href=\"https:\/\/parafiajozwikow.pl\/index.php\/2023\/12\/16\/ogloszenia-17-grudzien-2023-rok\/\" \/>\n<meta property=\"og:locale\" content=\"pl_PL\" \/>\n<meta property=\"og:type\" content=\"article\" \/>\n<meta property=\"og:title\" content=\"Og\u0142oszenia 17 grudzie\u0144 2023 rok - Parafia pw. MB Nieustaj\u0105cej Pomocy w J\u00f3\u017awikowie\" \/>\n<meta property=\"og:description\" content=\"Dzi\u015b trzecia niedziela Adwentu tzw. Gaudete. Radujemy si\u0119, bo blisko jest Pan! \u00a0W trzecim tygodniu Adwentu w spos\u00f3b szczeg\u00f3lny modlimy si\u0119 o \u017cycie chrze\u015bcija\u0144skie rodzin oraz w intencji przygotowuj\u0105cych si\u0119 do ma\u0142\u017ce\u0144stwa. W sobot\u0119 o 8:30 ostatnie Roraty. \u00a021 grudnia, w czwartek, od godz. 09:00, pragn\u0119 odwiedzi\u0107 chorych z pos\u0142ug\u0105 sakramentaln\u0105 przed \u015bwi\u0119tami. Prosz\u0119 zg\u0142asza\u0107 [&hellip;]\" \/>\n<meta property=\"og:url\" content=\"https:\/\/parafiajozwikow.pl\/index.php\/2023\/12\/16\/ogloszenia-17-grudzien-2023-rok\/\" \/>\n<meta property=\"og:site_name\" content=\"Parafia pw. MB Nieustaj\u0105cej Pomocy w J\u00f3\u017awikowie\" \/>\n<meta property=\"article:published_time\" content=\"2023-12-16T18:47:47+00:00\" \/>\n<meta property=\"article:modified_time\" content=\"2023-12-16T18:49:59+00:00\" \/>\n<meta name=\"author\" content=\"Parafia31\" \/>\n<meta name=\"twitter:card\" content=\"summary_large_image\" \/>\n<meta name=\"twitter:label1\" content=\"Napisane przez\" \/>\n\t<meta name=\"twitter:data1\" content=\"Parafia31\" \/>\n\t<meta name=\"twitter:label2\" content=\"Szacowany czas czytania\" \/>\n\t<meta name=\"twitter:data2\" content=\"2 minuty\" \/>\n<script type=\"application\/ld+json\" class=\"yoast-schema-graph\">{\"@context\":\"https:\\\/\\\/schema.org\",\"@graph\":[{\"@type\":\"Article\",\"@id\":\"https:\\\/\\\/parafiajozwikow.pl\\\/index.php\\\/2023\\\/12\\\/16\\\/ogloszenia-17-grudzien-2023-rok\\\/#article\",\"isPartOf\":{\"@id\":\"https:\\\/\\\/parafiajozwikow.pl\\\/index.php\\\/2023\\\/12\\\/16\\\/ogloszenia-17-grudzien-2023-rok\\\/\"},\"author\":{\"name\":\"Parafia31\",\"@id\":\"https:\\\/\\\/parafiajozwikow.pl\\\/#\\\/schema\\\/person\\\/e7f3d7fb6e7074647ae54aa7c502ab68\"},\"headline\":\"Og\u0142oszenia 17 grudzie\u0144 2023 rok\",\"datePublished\":\"2023-12-16T18:47:47+00:00\",\"dateModified\":\"2023-12-16T18:49:59+00:00\",\"mainEntityOfPage\":{\"@id\":\"https:\\\/\\\/parafiajozwikow.pl\\\/index.php\\\/2023\\\/12\\\/16\\\/ogloszenia-17-grudzien-2023-rok\\\/\"},\"wordCount\":358,\"articleSection\":[\"Og\u0142oszenia\"],\"inLanguage\":\"pl-PL\"},{\"@type\":\"WebPage\",\"@id\":\"https:\\\/\\\/parafiajozwikow.pl\\\/index.php\\\/2023\\\/12\\\/16\\\/ogloszenia-17-grudzien-2023-rok\\\/\",\"url\":\"https:\\\/\\\/parafiajozwikow.pl\\\/index.php\\\/2023\\\/12\\\/16\\\/ogloszenia-17-grudzien-2023-rok\\\/\",\"name\":\"Og\u0142oszenia 17 grudzie\u0144 2023 rok - Parafia pw. MB Nieustaj\u0105cej Pomocy w J\u00f3\u017awikowie\",\"isPartOf\":{\"@id\":\"https:\\\/\\\/parafiajozwikow.pl\\\/#website\"},\"datePublished\":\"2023-12-16T18:47:47+00:00\",\"dateModified\":\"2023-12-16T18:49:59+00:00\",\"author\":{\"@id\":\"https:\\\/\\\/parafiajozwikow.pl\\\/#\\\/schema\\\/person\\\/e7f3d7fb6e7074647ae54aa7c502ab68\"},\"breadcrumb\":{\"@id\":\"https:\\\/\\\/parafiajozwikow.pl\\\/index.php\\\/2023\\\/12\\\/16\\\/ogloszenia-17-grudzien-2023-rok\\\/#breadcrumb\"},\"inLanguage\":\"pl-PL\",\"potentialAction\":[{\"@type\":\"ReadAction\",\"target\":[\"https:\\\/\\\/parafiajozwikow.pl\\\/index.php\\\/2023\\\/12\\\/16\\\/ogloszenia-17-grudzien-2023-rok\\\/\"]}]},{\"@type\":\"BreadcrumbList\",\"@id\":\"https:\\\/\\\/parafiajozwikow.pl\\\/index.php\\\/2023\\\/12\\\/16\\\/ogloszenia-17-grudzien-2023-rok\\\/#breadcrumb\",\"itemListElement\":[{\"@type\":\"ListItem\",\"position\":1,\"name\":\"Strona g\u0142\u00f3wna\",\"item\":\"https:\\\/\\\/parafiajozwikow.pl\\\/\"},{\"@type\":\"ListItem\",\"position\":2,\"name\":\"Og\u0142oszenia 17 grudzie\u0144 2023 rok\"}]},{\"@type\":\"WebSite\",\"@id\":\"https:\\\/\\\/parafiajozwikow.pl\\\/#website\",\"url\":\"https:\\\/\\\/parafiajozwikow.pl\\\/\",\"name\":\"Parafia pw. MB Nieustaj\u0105cej Pomocy w J\u00f3\u017awikowie\",\"description\":\"\",\"potentialAction\":[{\"@type\":\"SearchAction\",\"target\":{\"@type\":\"EntryPoint\",\"urlTemplate\":\"https:\\\/\\\/parafiajozwikow.pl\\\/?s={search_term_string}\"},\"query-input\":{\"@type\":\"PropertyValueSpecification\",\"valueRequired\":true,\"valueName\":\"search_term_string\"}}],\"inLanguage\":\"pl-PL\"},{\"@type\":\"Person\",\"@id\":\"https:\\\/\\\/parafiajozwikow.pl\\\/#\\\/schema\\\/person\\\/e7f3d7fb6e7074647ae54aa7c502ab68\",\"name\":\"Parafia31\",\"image\":{\"@type\":\"ImageObject\",\"inLanguage\":\"pl-PL\",\"@id\":\"https:\\\/\\\/secure.gravatar.com\\\/avatar\\\/c037a6915792c85653487888df401463264c2c5701ceb484fd9c9f363c7d9964?s=96&d=mm&r=g\",\"url\":\"https:\\\/\\\/secure.gravatar.com\\\/avatar\\\/c037a6915792c85653487888df401463264c2c5701ceb484fd9c9f363c7d9964?s=96&d=mm&r=g\",\"contentUrl\":\"https:\\\/\\\/secure.gravatar.com\\\/avatar\\\/c037a6915792c85653487888df401463264c2c5701ceb484fd9c9f363c7d9964?s=96&d=mm&r=g\",\"caption\":\"Parafia31\"},\"sameAs\":[\"http:\\\/\\\/parafiajozwikow.pl\"],\"url\":\"https:\\\/\\\/parafiajozwikow.pl\\\/index.php\\\/author\\\/parafia31\\\/\"}]}<\/script>\n<!-- \/ Yoast SEO plugin. -->","yoast_head_json":{"title":"Og\u0142oszenia 17 grudzie\u0144 2023 rok - Parafia pw. MB Nieustaj\u0105cej Pomocy w J\u00f3\u017awikowie","robots":{"index":"index","follow":"follow","max-snippet":"max-snippet:-1","max-image-preview":"max-image-preview:large","max-video-preview":"max-video-preview:-1"},"canonical":"https:\/\/parafiajozwikow.pl\/index.php\/2023\/12\/16\/ogloszenia-17-grudzien-2023-rok\/","og_locale":"pl_PL","og_type":"article","og_title":"Og\u0142oszenia 17 grudzie\u0144 2023 rok - Parafia pw. MB Nieustaj\u0105cej Pomocy w J\u00f3\u017awikowie","og_description":"Dzi\u015b trzecia niedziela Adwentu tzw. Gaudete. Radujemy si\u0119, bo blisko jest Pan! \u00a0W trzecim tygodniu Adwentu w spos\u00f3b szczeg\u00f3lny modlimy si\u0119 o \u017cycie chrze\u015bcija\u0144skie rodzin oraz w intencji przygotowuj\u0105cych si\u0119 do ma\u0142\u017ce\u0144stwa. W sobot\u0119 o 8:30 ostatnie Roraty. \u00a021 grudnia, w czwartek, od godz. 09:00, pragn\u0119 odwiedzi\u0107 chorych z pos\u0142ug\u0105 sakramentaln\u0105 przed \u015bwi\u0119tami. Prosz\u0119 zg\u0142asza\u0107 [&hellip;]","og_url":"https:\/\/parafiajozwikow.pl\/index.php\/2023\/12\/16\/ogloszenia-17-grudzien-2023-rok\/","og_site_name":"Parafia pw. MB Nieustaj\u0105cej Pomocy w J\u00f3\u017awikowie","article_published_time":"2023-12-16T18:47:47+00:00","article_modified_time":"2023-12-16T18:49:59+00:00","author":"Parafia31","twitter_card":"summary_large_image","twitter_misc":{"Napisane przez":"Parafia31","Szacowany czas czytania":"2 minuty"},"schema":{"@context":"https:\/\/schema.org","@graph":[{"@type":"Article","@id":"https:\/\/parafiajozwikow.pl\/index.php\/2023\/12\/16\/ogloszenia-17-grudzien-2023-rok\/#article","isPartOf":{"@id":"https:\/\/parafiajozwikow.pl\/index.php\/2023\/12\/16\/ogloszenia-17-grudzien-2023-rok\/"},"author":{"name":"Parafia31","@id":"https:\/\/parafiajozwikow.pl\/#\/schema\/person\/e7f3d7fb6e7074647ae54aa7c502ab68"},"headline":"Og\u0142oszenia 17 grudzie\u0144 2023 rok","datePublished":"2023-12-16T18:47:47+00:00","dateModified":"2023-12-16T18:49:59+00:00","mainEntityOfPage":{"@id":"https:\/\/parafiajozwikow.pl\/index.php\/2023\/12\/16\/ogloszenia-17-grudzien-2023-rok\/"},"wordCount":358,"articleSection":["Og\u0142oszenia"],"inLanguage":"pl-PL"},{"@type":"WebPage","@id":"https:\/\/parafiajozwikow.pl\/index.php\/2023\/12\/16\/ogloszenia-17-grudzien-2023-rok\/","url":"https:\/\/parafiajozwikow.pl\/index.php\/2023\/12\/16\/ogloszenia-17-grudzien-2023-rok\/","name":"Og\u0142oszenia 17 grudzie\u0144 2023 rok - Parafia pw. MB Nieustaj\u0105cej Pomocy w J\u00f3\u017awikowie","isPartOf":{"@id":"https:\/\/parafiajozwikow.pl\/#website"},"datePublished":"2023-12-16T18:47:47+00:00","dateModified":"2023-12-16T18:49:59+00:00","author":{"@id":"https:\/\/parafiajozwikow.pl\/#\/schema\/person\/e7f3d7fb6e7074647ae54aa7c502ab68"},"breadcrumb":{"@id":"https:\/\/parafiajozwikow.pl\/index.php\/2023\/12\/16\/ogloszenia-17-grudzien-2023-rok\/#breadcrumb"},"inLanguage":"pl-PL","potentialAction":[{"@type":"ReadAction","target":["https:\/\/parafiajozwikow.pl\/index.php\/2023\/12\/16\/ogloszenia-17-grudzien-2023-rok\/"]}]},{"@type":"BreadcrumbList","@id":"https:\/\/parafiajozwikow.pl\/index.php\/2023\/12\/16\/ogloszenia-17-grudzien-2023-rok\/#breadcrumb","itemListElement":[{"@type":"ListItem","position":1,"name":"Strona g\u0142\u00f3wna","item":"https:\/\/parafiajozwikow.pl\/"},{"@type":"ListItem","position":2,"name":"Og\u0142oszenia 17 grudzie\u0144 2023 rok"}]},{"@type":"WebSite","@id":"https:\/\/parafiajozwikow.pl\/#website","url":"https:\/\/parafiajozwikow.pl\/","name":"Parafia pw. MB Nieustaj\u0105cej Pomocy w J\u00f3\u017awikowie","description":"","potentialAction":[{"@type":"SearchAction","target":{"@type":"EntryPoint","urlTemplate":"https:\/\/parafiajozwikow.pl\/?s={search_term_string}"},"query-input":{"@type":"PropertyValueSpecification","valueRequired":true,"valueName":"search_term_string"}}],"inLanguage":"pl-PL"},{"@type":"Person","@id":"https:\/\/parafiajozwikow.pl\/#\/schema\/person\/e7f3d7fb6e7074647ae54aa7c502ab68","name":"Parafia31","image":{"@type":"ImageObject","inLanguage":"pl-PL","@id":"https:\/\/secure.gravatar.com\/avatar\/c037a6915792c85653487888df401463264c2c5701ceb484fd9c9f363c7d9964?s=96&d=mm&r=g","url":"https:\/\/secure.gravatar.com\/avatar\/c037a6915792c85653487888df401463264c2c5701ceb484fd9c9f363c7d9964?s=96&d=mm&r=g","contentUrl":"https:\/\/secure.gravatar.com\/avatar\/c037a6915792c85653487888df401463264c2c5701ceb484fd9c9f363c7d9964?s=96&d=mm&r=g","caption":"Parafia31"},"sameAs":["http:\/\/parafiajozwikow.pl"],"url":"https:\/\/parafiajozwikow.pl\/index.php\/author\/parafia31\/"}]}},"_links":{"self":[{"href":"https:\/\/parafiajozwikow.pl\/index.php\/wp-json\/wp\/v2\/posts\/1218","targetHints":{"allow":["GET"]}}],"collection":[{"href":"https:\/\/parafiajozwikow.pl\/index.php\/wp-json\/wp\/v2\/posts"}],"about":[{"href":"https:\/\/parafiajozwikow.pl\/index.php\/wp-json\/wp\/v2\/types\/post"}],"author":[{"embeddable":true,"href":"https:\/\/parafiajozwikow.pl\/index.php\/wp-json\/wp\/v2\/users\/1"}],"replies":[{"embeddable":true,"href":"https:\/\/parafiajozwikow.pl\/index.php\/wp-json\/wp\/v2\/comments?post=1218"}],"version-history":[{"count":4,"href":"https:\/\/parafiajozwikow.pl\/index.php\/wp-json\/wp\/v2\/posts\/1218\/revisions"}],"predecessor-version":[{"id":1222,"href":"https:\/\/parafiajozwikow.pl\/index.php\/wp-json\/wp\/v2\/posts\/1218\/revisions\/1222"}],"wp:attachment":[{"href":"https:\/\/parafiajozwikow.pl\/index.php\/wp-json\/wp\/v2\/media?parent=1218"}],"wp:term":[{"taxonomy":"category","embeddable":true,"href":"https:\/\/parafiajozwikow.pl\/index.php\/wp-json\/wp\/v2\/categories?post=1218"},{"taxonomy":"post_tag","embeddable":true,"href":"https:\/\/parafiajozwikow.pl\/index.php\/wp-json\/wp\/v2\/tags?post=1218"}],"curies":[{"name":"wp","href":"https:\/\/api.w.org\/{rel}","templated":true}]}}