{"id":1158,"date":"2023-11-12T08:59:56","date_gmt":"2023-11-12T08:59:56","guid":{"rendered":"https:\/\/parafiajozwikow.pl\/?p=1158"},"modified":"2023-11-12T09:01:09","modified_gmt":"2023-11-12T09:01:09","slug":"ogloszenia-12-listopad-2023-rok","status":"publish","type":"post","link":"https:\/\/parafiajozwikow.pl\/index.php\/2023\/11\/12\/ogloszenia-12-listopad-2023-rok\/","title":{"rendered":"Og\u0142oszenia 12 listopad 2023 rok"},"content":{"rendered":"\t\t<div data-elementor-type=\"wp-post\" data-elementor-id=\"1158\" class=\"elementor elementor-1158\">\n\t\t\t\t\t\t<section class=\"elementor-section elementor-top-section elementor-element elementor-element-a615327 elementor-section-boxed elementor-section-height-default elementor-section-height-default\" data-id=\"a615327\" data-element_type=\"section\" data-e-type=\"section\">\n\t\t\t\t\t\t<div class=\"elementor-container elementor-column-gap-default\">\n\t\t\t\t\t<div class=\"elementor-column elementor-col-100 elementor-top-column elementor-element elementor-element-9247b79\" data-id=\"9247b79\" data-element_type=\"column\" data-e-type=\"column\">\n\t\t\t<div class=\"elementor-widget-wrap elementor-element-populated\">\n\t\t\t\t\t\t<div class=\"elementor-element elementor-element-4ce5104 elementor-widget-divider--view-line elementor-widget elementor-widget-divider\" data-id=\"4ce5104\" data-element_type=\"widget\" data-e-type=\"widget\" data-widget_type=\"divider.default\">\n\t\t\t\t<div class=\"elementor-widget-container\">\n\t\t\t\t\t\t\t<div class=\"elementor-divider\">\n\t\t\t<span class=\"elementor-divider-separator\">\n\t\t\t\t\t\t<\/span>\n\t\t<\/div>\n\t\t\t\t\t\t<\/div>\n\t\t\t\t<\/div>\n\t\t\t\t<div class=\"elementor-element elementor-element-e388863 elementor-widget elementor-widget-text-editor\" data-id=\"e388863\" data-element_type=\"widget\" data-e-type=\"widget\" data-widget_type=\"text-editor.default\">\n\t\t\t\t<div class=\"elementor-widget-container\">\n\t\t\t\t\t\t\t\t\t<ol><li>Dzisiejsze ofiary na tac\u0119 w ca\u0142o\u015bci przeznaczone s\u0105 na potrzeby WSD w Radomiu. B\u00f3g zap\u0142a\u0107 wszystkim, kt\u00f3rzy je z\u0142o\u017cyli. Obejmijmy te\u017c alumn\u00f3w i kadr\u0119 profesor\u00f3w swoimi modlitwami.<\/li><li>Od minionej niedzieli polecamy zmar\u0142ych zam\u00f3wionych w wypominkach na nowy rok. Nadal mo\u017cna je zamawia\u0107. S\u0105 jeszcze wolne intencje w grudniu tego roku. Zach\u0119cam te\u017c do zamawiania intencji na nowy rok.<\/li><li>Dzi\u0119kuj\u0119 za sprz\u0105tanie ko\u015bcio\u0142a rodz. Eweliny Stolarczyk i Krystian Ciszka. Za tydzie\u0144 do sprz\u0105tania ko\u015bcio\u0142a prosz\u0119 rodz. Mariana Ciszka i Tadeusza Wolskiego z Sarbic Drugich.<\/li><li>Zgodnie z istniej\u0105c\u0105 tradycj\u0105 w okresie zimowym, zw\u0142aszcza w Adwencie nie u\u017cywamy kwiat\u00f3w do dekoracji ko\u015bcio\u0142a. W zamian za to, rodziny sprz\u0105taj\u0105ce w miar\u0119 swoich mo\u017cliwo\u015bci zakupuj\u0105 AGD do sprz\u0105tania ko\u015bcio\u0142a.<\/li><li>Ofiary na Ko\u015bci\u00f3\u0142 po 100z\u0142 z\u0142o\u017cyli: Bogdan Domaga\u0142a, Arkadiusz Stolarczyk i Cecylai Bartkowska. Wiktor Bujak \u2013 200z\u0142. Na cmentarz: Bogdan Domaga\u0142a 80z\u0142, Stanis\u0142aw Janiszewski i Arkadiusz Stolarczyk po 40z\u0142. B\u00f3g zap\u0142a\u0107.<\/li><li>Za tydzie\u0144 w niedziel\u0119 taca gospodarcza i zbi\u00f3rka do puszki z racji XV Dnia Jedno\u015bci z Ko\u015bcio\u0142em Prze\u015bladowanym. Tegoroczny Dzie\u0144 Solidarno\u015bci b\u0119dzie prze\u017cywany pod has\u0142em \u201eTo jest nasz dom\u201d, a zebrane fundusze zostan\u0105 przekazane na wsparcie chrze\u015bcijan w Ziemi \u015awi\u0119tej, gdzie tysi\u0105ce dzieci z rodzinami w wyniku wojny, trac\u0105 nadziej\u0119 na przysz\u0142o\u015b\u0107. Pom\u00f3\u017cmy im odzyska\u0107 cho\u0107 jej odrobin\u0119 swoj\u0105 modlitw\u0105 i ofiar\u0105 do puszki.<\/li><li>Od I Niedzieli Adwentu, 3 grudnia rozpoczynamy coroczn\u0105 akcj\u0119 \u201eWigilijne Dzie\u0142o Pomocy Dzieciom\u201d, pod has\u0142em: \u201e\u015awieca, kt\u00f3ra tworzy polsk\u0105 wigili\u0119\u201d. Ofiary za \u015bwiece wynosz\u0105: <br \/>&#8211; ma\u0142a &#8211; 10 z\u0142, <br \/>&#8211; piramida, kula i walec &#8211; 20 z\u0142,<\/li><li>Dzisiaj w ,,Go\u015bciu Niedzielnym\u201d warto dowiedzie\u0107 si\u0119, kt\u00f3rzy \u015bwi\u0119ci patronuj\u0105 Polsce i jakie znaczenie ma modlitwa za Ojczyzn\u0119. Polecam te\u017c artyku\u0142 ,, Cukrzyca ujarzmiona\u201d o m\u0142odym chirurgu ortopedzie, kt\u00f3ry wynalaz\u0142 lekarstwo na cukrzyc\u0119. To by\u0142o odkrycie godne Nagrody Nobla. Zach\u0119cam do lektury. GN -10z\u0142.<\/li><\/ol><p>Wszystkim Parafianom, Sympatykom i Dobrodziejom oraz przyby\u0142ym Go\u015bciom \u017cycz\u0119 radosnego \u015bwi\u0119towania Niedzieli w gronie najbli\u017cszych, a Solenizantom i Jubilatom zbli\u017caj\u0105cego si\u0119 tygodnia, obfito\u015bci Bo\u017cych \u0142ask i wszelkiej pomy\u015blno\u015bci.<br \/>SZCZ\u0118\u015a\u0106 BO\u017bE!<\/p>\t\t\t\t\t\t\t\t<\/div>\n\t\t\t\t<\/div>\n\t\t\t\t\t<\/div>\n\t\t<\/div>\n\t\t\t\t\t<\/div>\n\t\t<\/section>\n\t\t\t\t<\/div>\n\t\t","protected":false},"excerpt":{"rendered":"<p>Dzisiejsze ofiary na tac\u0119 w ca\u0142o\u015bci przeznaczone s\u0105 na potrzeby WSD w Radomiu. B\u00f3g zap\u0142a\u0107 wszystkim, kt\u00f3rzy je z\u0142o\u017cyli. Obejmijmy te\u017c alumn\u00f3w i kadr\u0119 profesor\u00f3w swoimi modlitwami. Od minionej niedzieli polecamy zmar\u0142ych zam\u00f3wionych w wypominkach na nowy rok. Nadal mo\u017cna je zamawia\u0107. S\u0105 jeszcze wolne intencje w grudniu tego roku. Zach\u0119cam te\u017c do zamawiania intencji [&hellip;]<\/p>\n","protected":false},"author":1,"featured_media":0,"comment_status":"closed","ping_status":"closed","sticky":false,"template":"","format":"standard","meta":{"site-sidebar-layout":"default","site-content-layout":"","ast-site-content-layout":"default","site-content-style":"default","site-sidebar-style":"default","ast-global-header-display":"","ast-banner-title-visibility":"","ast-main-header-display":"","ast-hfb-above-header-display":"","ast-hfb-below-header-display":"","ast-hfb-mobile-header-display":"","site-post-title":"","ast-breadcrumbs-content":"","ast-featured-img":"","footer-sml-layout":"","ast-disable-related-posts":"","theme-transparent-header-meta":"","adv-header-id-meta":"","stick-header-meta":"","header-above-stick-meta":"","header-main-stick-meta":"","header-below-stick-meta":"","astra-migrate-meta-layouts":"set","ast-page-background-enabled":"default","ast-page-background-meta":{"desktop":{"background-color":"var(--ast-global-color-4)","background-image":"","background-repeat":"repeat","background-position":"center center","background-size":"auto","background-attachment":"scroll","background-type":"","background-media":"","overlay-type":"","overlay-color":"","overlay-opacity":"","overlay-gradient":""},"tablet":{"background-color":"","background-image":"","background-repeat":"repeat","background-position":"center center","background-size":"auto","background-attachment":"scroll","background-type":"","background-media":"","overlay-type":"","overlay-color":"","overlay-opacity":"","overlay-gradient":""},"mobile":{"background-color":"","background-image":"","background-repeat":"repeat","background-position":"center center","background-size":"auto","background-attachment":"scroll","background-type":"","background-media":"","overlay-type":"","overlay-color":"","overlay-opacity":"","overlay-gradient":""}},"ast-content-background-meta":{"desktop":{"background-color":"var(--ast-global-color-5)","background-image":"","background-repeat":"repeat","background-position":"center center","background-size":"auto","background-attachment":"scroll","background-type":"","background-media":"","overlay-type":"","overlay-color":"","overlay-opacity":"","overlay-gradient":""},"tablet":{"background-color":"var(--ast-global-color-5)","background-image":"","background-repeat":"repeat","background-position":"center center","background-size":"auto","background-attachment":"scroll","background-type":"","background-media":"","overlay-type":"","overlay-color":"","overlay-opacity":"","overlay-gradient":""},"mobile":{"background-color":"var(--ast-global-color-5)","background-image":"","background-repeat":"repeat","background-position":"center center","background-size":"auto","background-attachment":"scroll","background-type":"","background-media":"","overlay-type":"","overlay-color":"","overlay-opacity":"","overlay-gradient":""}},"footnotes":""},"categories":[6],"tags":[],"class_list":["post-1158","post","type-post","status-publish","format-standard","hentry","category-ogloszenia"],"yoast_head":"<!-- This site is optimized with the Yoast SEO plugin v27.4 - https:\/\/yoast.com\/product\/yoast-seo-wordpress\/ -->\n<title>Og\u0142oszenia 12 listopad 2023 rok - Parafia pw. MB Nieustaj\u0105cej Pomocy w J\u00f3\u017awikowie<\/title>\n<meta name=\"robots\" content=\"index, follow, max-snippet:-1, max-image-preview:large, max-video-preview:-1\" \/>\n<link rel=\"canonical\" href=\"https:\/\/parafiajozwikow.pl\/index.php\/2023\/11\/12\/ogloszenia-12-listopad-2023-rok\/\" \/>\n<meta property=\"og:locale\" content=\"pl_PL\" \/>\n<meta property=\"og:type\" content=\"article\" \/>\n<meta property=\"og:title\" content=\"Og\u0142oszenia 12 listopad 2023 rok - Parafia pw. MB Nieustaj\u0105cej Pomocy w J\u00f3\u017awikowie\" \/>\n<meta property=\"og:description\" content=\"Dzisiejsze ofiary na tac\u0119 w ca\u0142o\u015bci przeznaczone s\u0105 na potrzeby WSD w Radomiu. B\u00f3g zap\u0142a\u0107 wszystkim, kt\u00f3rzy je z\u0142o\u017cyli. Obejmijmy te\u017c alumn\u00f3w i kadr\u0119 profesor\u00f3w swoimi modlitwami. Od minionej niedzieli polecamy zmar\u0142ych zam\u00f3wionych w wypominkach na nowy rok. Nadal mo\u017cna je zamawia\u0107. S\u0105 jeszcze wolne intencje w grudniu tego roku. Zach\u0119cam te\u017c do zamawiania intencji [&hellip;]\" \/>\n<meta property=\"og:url\" content=\"https:\/\/parafiajozwikow.pl\/index.php\/2023\/11\/12\/ogloszenia-12-listopad-2023-rok\/\" \/>\n<meta property=\"og:site_name\" content=\"Parafia pw. MB Nieustaj\u0105cej Pomocy w J\u00f3\u017awikowie\" \/>\n<meta property=\"article:published_time\" content=\"2023-11-12T08:59:56+00:00\" \/>\n<meta property=\"article:modified_time\" content=\"2023-11-12T09:01:09+00:00\" \/>\n<meta name=\"author\" content=\"Parafia31\" \/>\n<meta name=\"twitter:card\" content=\"summary_large_image\" \/>\n<meta name=\"twitter:label1\" content=\"Napisane przez\" \/>\n\t<meta name=\"twitter:data1\" content=\"Parafia31\" \/>\n\t<meta name=\"twitter:label2\" content=\"Szacowany czas czytania\" \/>\n\t<meta name=\"twitter:data2\" content=\"2 minuty\" \/>\n<script type=\"application\/ld+json\" class=\"yoast-schema-graph\">{\"@context\":\"https:\\\/\\\/schema.org\",\"@graph\":[{\"@type\":\"Article\",\"@id\":\"https:\\\/\\\/parafiajozwikow.pl\\\/index.php\\\/2023\\\/11\\\/12\\\/ogloszenia-12-listopad-2023-rok\\\/#article\",\"isPartOf\":{\"@id\":\"https:\\\/\\\/parafiajozwikow.pl\\\/index.php\\\/2023\\\/11\\\/12\\\/ogloszenia-12-listopad-2023-rok\\\/\"},\"author\":{\"name\":\"Parafia31\",\"@id\":\"https:\\\/\\\/parafiajozwikow.pl\\\/#\\\/schema\\\/person\\\/e7f3d7fb6e7074647ae54aa7c502ab68\"},\"headline\":\"Og\u0142oszenia 12 listopad 2023 rok\",\"datePublished\":\"2023-11-12T08:59:56+00:00\",\"dateModified\":\"2023-11-12T09:01:09+00:00\",\"mainEntityOfPage\":{\"@id\":\"https:\\\/\\\/parafiajozwikow.pl\\\/index.php\\\/2023\\\/11\\\/12\\\/ogloszenia-12-listopad-2023-rok\\\/\"},\"wordCount\":397,\"articleSection\":[\"Og\u0142oszenia\"],\"inLanguage\":\"pl-PL\"},{\"@type\":\"WebPage\",\"@id\":\"https:\\\/\\\/parafiajozwikow.pl\\\/index.php\\\/2023\\\/11\\\/12\\\/ogloszenia-12-listopad-2023-rok\\\/\",\"url\":\"https:\\\/\\\/parafiajozwikow.pl\\\/index.php\\\/2023\\\/11\\\/12\\\/ogloszenia-12-listopad-2023-rok\\\/\",\"name\":\"Og\u0142oszenia 12 listopad 2023 rok - Parafia pw. MB Nieustaj\u0105cej Pomocy w J\u00f3\u017awikowie\",\"isPartOf\":{\"@id\":\"https:\\\/\\\/parafiajozwikow.pl\\\/#website\"},\"datePublished\":\"2023-11-12T08:59:56+00:00\",\"dateModified\":\"2023-11-12T09:01:09+00:00\",\"author\":{\"@id\":\"https:\\\/\\\/parafiajozwikow.pl\\\/#\\\/schema\\\/person\\\/e7f3d7fb6e7074647ae54aa7c502ab68\"},\"breadcrumb\":{\"@id\":\"https:\\\/\\\/parafiajozwikow.pl\\\/index.php\\\/2023\\\/11\\\/12\\\/ogloszenia-12-listopad-2023-rok\\\/#breadcrumb\"},\"inLanguage\":\"pl-PL\",\"potentialAction\":[{\"@type\":\"ReadAction\",\"target\":[\"https:\\\/\\\/parafiajozwikow.pl\\\/index.php\\\/2023\\\/11\\\/12\\\/ogloszenia-12-listopad-2023-rok\\\/\"]}]},{\"@type\":\"BreadcrumbList\",\"@id\":\"https:\\\/\\\/parafiajozwikow.pl\\\/index.php\\\/2023\\\/11\\\/12\\\/ogloszenia-12-listopad-2023-rok\\\/#breadcrumb\",\"itemListElement\":[{\"@type\":\"ListItem\",\"position\":1,\"name\":\"Strona g\u0142\u00f3wna\",\"item\":\"https:\\\/\\\/parafiajozwikow.pl\\\/\"},{\"@type\":\"ListItem\",\"position\":2,\"name\":\"Og\u0142oszenia 12 listopad 2023 rok\"}]},{\"@type\":\"WebSite\",\"@id\":\"https:\\\/\\\/parafiajozwikow.pl\\\/#website\",\"url\":\"https:\\\/\\\/parafiajozwikow.pl\\\/\",\"name\":\"Parafia pw. MB Nieustaj\u0105cej Pomocy w J\u00f3\u017awikowie\",\"description\":\"\",\"potentialAction\":[{\"@type\":\"SearchAction\",\"target\":{\"@type\":\"EntryPoint\",\"urlTemplate\":\"https:\\\/\\\/parafiajozwikow.pl\\\/?s={search_term_string}\"},\"query-input\":{\"@type\":\"PropertyValueSpecification\",\"valueRequired\":true,\"valueName\":\"search_term_string\"}}],\"inLanguage\":\"pl-PL\"},{\"@type\":\"Person\",\"@id\":\"https:\\\/\\\/parafiajozwikow.pl\\\/#\\\/schema\\\/person\\\/e7f3d7fb6e7074647ae54aa7c502ab68\",\"name\":\"Parafia31\",\"image\":{\"@type\":\"ImageObject\",\"inLanguage\":\"pl-PL\",\"@id\":\"https:\\\/\\\/secure.gravatar.com\\\/avatar\\\/c037a6915792c85653487888df401463264c2c5701ceb484fd9c9f363c7d9964?s=96&d=mm&r=g\",\"url\":\"https:\\\/\\\/secure.gravatar.com\\\/avatar\\\/c037a6915792c85653487888df401463264c2c5701ceb484fd9c9f363c7d9964?s=96&d=mm&r=g\",\"contentUrl\":\"https:\\\/\\\/secure.gravatar.com\\\/avatar\\\/c037a6915792c85653487888df401463264c2c5701ceb484fd9c9f363c7d9964?s=96&d=mm&r=g\",\"caption\":\"Parafia31\"},\"sameAs\":[\"http:\\\/\\\/parafiajozwikow.pl\"],\"url\":\"https:\\\/\\\/parafiajozwikow.pl\\\/index.php\\\/author\\\/parafia31\\\/\"}]}<\/script>\n<!-- \/ Yoast SEO plugin. -->","yoast_head_json":{"title":"Og\u0142oszenia 12 listopad 2023 rok - Parafia pw. MB Nieustaj\u0105cej Pomocy w J\u00f3\u017awikowie","robots":{"index":"index","follow":"follow","max-snippet":"max-snippet:-1","max-image-preview":"max-image-preview:large","max-video-preview":"max-video-preview:-1"},"canonical":"https:\/\/parafiajozwikow.pl\/index.php\/2023\/11\/12\/ogloszenia-12-listopad-2023-rok\/","og_locale":"pl_PL","og_type":"article","og_title":"Og\u0142oszenia 12 listopad 2023 rok - Parafia pw. MB Nieustaj\u0105cej Pomocy w J\u00f3\u017awikowie","og_description":"Dzisiejsze ofiary na tac\u0119 w ca\u0142o\u015bci przeznaczone s\u0105 na potrzeby WSD w Radomiu. B\u00f3g zap\u0142a\u0107 wszystkim, kt\u00f3rzy je z\u0142o\u017cyli. Obejmijmy te\u017c alumn\u00f3w i kadr\u0119 profesor\u00f3w swoimi modlitwami. Od minionej niedzieli polecamy zmar\u0142ych zam\u00f3wionych w wypominkach na nowy rok. Nadal mo\u017cna je zamawia\u0107. S\u0105 jeszcze wolne intencje w grudniu tego roku. Zach\u0119cam te\u017c do zamawiania intencji [&hellip;]","og_url":"https:\/\/parafiajozwikow.pl\/index.php\/2023\/11\/12\/ogloszenia-12-listopad-2023-rok\/","og_site_name":"Parafia pw. MB Nieustaj\u0105cej Pomocy w J\u00f3\u017awikowie","article_published_time":"2023-11-12T08:59:56+00:00","article_modified_time":"2023-11-12T09:01:09+00:00","author":"Parafia31","twitter_card":"summary_large_image","twitter_misc":{"Napisane przez":"Parafia31","Szacowany czas czytania":"2 minuty"},"schema":{"@context":"https:\/\/schema.org","@graph":[{"@type":"Article","@id":"https:\/\/parafiajozwikow.pl\/index.php\/2023\/11\/12\/ogloszenia-12-listopad-2023-rok\/#article","isPartOf":{"@id":"https:\/\/parafiajozwikow.pl\/index.php\/2023\/11\/12\/ogloszenia-12-listopad-2023-rok\/"},"author":{"name":"Parafia31","@id":"https:\/\/parafiajozwikow.pl\/#\/schema\/person\/e7f3d7fb6e7074647ae54aa7c502ab68"},"headline":"Og\u0142oszenia 12 listopad 2023 rok","datePublished":"2023-11-12T08:59:56+00:00","dateModified":"2023-11-12T09:01:09+00:00","mainEntityOfPage":{"@id":"https:\/\/parafiajozwikow.pl\/index.php\/2023\/11\/12\/ogloszenia-12-listopad-2023-rok\/"},"wordCount":397,"articleSection":["Og\u0142oszenia"],"inLanguage":"pl-PL"},{"@type":"WebPage","@id":"https:\/\/parafiajozwikow.pl\/index.php\/2023\/11\/12\/ogloszenia-12-listopad-2023-rok\/","url":"https:\/\/parafiajozwikow.pl\/index.php\/2023\/11\/12\/ogloszenia-12-listopad-2023-rok\/","name":"Og\u0142oszenia 12 listopad 2023 rok - Parafia pw. MB Nieustaj\u0105cej Pomocy w J\u00f3\u017awikowie","isPartOf":{"@id":"https:\/\/parafiajozwikow.pl\/#website"},"datePublished":"2023-11-12T08:59:56+00:00","dateModified":"2023-11-12T09:01:09+00:00","author":{"@id":"https:\/\/parafiajozwikow.pl\/#\/schema\/person\/e7f3d7fb6e7074647ae54aa7c502ab68"},"breadcrumb":{"@id":"https:\/\/parafiajozwikow.pl\/index.php\/2023\/11\/12\/ogloszenia-12-listopad-2023-rok\/#breadcrumb"},"inLanguage":"pl-PL","potentialAction":[{"@type":"ReadAction","target":["https:\/\/parafiajozwikow.pl\/index.php\/2023\/11\/12\/ogloszenia-12-listopad-2023-rok\/"]}]},{"@type":"BreadcrumbList","@id":"https:\/\/parafiajozwikow.pl\/index.php\/2023\/11\/12\/ogloszenia-12-listopad-2023-rok\/#breadcrumb","itemListElement":[{"@type":"ListItem","position":1,"name":"Strona g\u0142\u00f3wna","item":"https:\/\/parafiajozwikow.pl\/"},{"@type":"ListItem","position":2,"name":"Og\u0142oszenia 12 listopad 2023 rok"}]},{"@type":"WebSite","@id":"https:\/\/parafiajozwikow.pl\/#website","url":"https:\/\/parafiajozwikow.pl\/","name":"Parafia pw. MB Nieustaj\u0105cej Pomocy w J\u00f3\u017awikowie","description":"","potentialAction":[{"@type":"SearchAction","target":{"@type":"EntryPoint","urlTemplate":"https:\/\/parafiajozwikow.pl\/?s={search_term_string}"},"query-input":{"@type":"PropertyValueSpecification","valueRequired":true,"valueName":"search_term_string"}}],"inLanguage":"pl-PL"},{"@type":"Person","@id":"https:\/\/parafiajozwikow.pl\/#\/schema\/person\/e7f3d7fb6e7074647ae54aa7c502ab68","name":"Parafia31","image":{"@type":"ImageObject","inLanguage":"pl-PL","@id":"https:\/\/secure.gravatar.com\/avatar\/c037a6915792c85653487888df401463264c2c5701ceb484fd9c9f363c7d9964?s=96&d=mm&r=g","url":"https:\/\/secure.gravatar.com\/avatar\/c037a6915792c85653487888df401463264c2c5701ceb484fd9c9f363c7d9964?s=96&d=mm&r=g","contentUrl":"https:\/\/secure.gravatar.com\/avatar\/c037a6915792c85653487888df401463264c2c5701ceb484fd9c9f363c7d9964?s=96&d=mm&r=g","caption":"Parafia31"},"sameAs":["http:\/\/parafiajozwikow.pl"],"url":"https:\/\/parafiajozwikow.pl\/index.php\/author\/parafia31\/"}]}},"_links":{"self":[{"href":"https:\/\/parafiajozwikow.pl\/index.php\/wp-json\/wp\/v2\/posts\/1158","targetHints":{"allow":["GET"]}}],"collection":[{"href":"https:\/\/parafiajozwikow.pl\/index.php\/wp-json\/wp\/v2\/posts"}],"about":[{"href":"https:\/\/parafiajozwikow.pl\/index.php\/wp-json\/wp\/v2\/types\/post"}],"author":[{"embeddable":true,"href":"https:\/\/parafiajozwikow.pl\/index.php\/wp-json\/wp\/v2\/users\/1"}],"replies":[{"embeddable":true,"href":"https:\/\/parafiajozwikow.pl\/index.php\/wp-json\/wp\/v2\/comments?post=1158"}],"version-history":[{"count":4,"href":"https:\/\/parafiajozwikow.pl\/index.php\/wp-json\/wp\/v2\/posts\/1158\/revisions"}],"predecessor-version":[{"id":1162,"href":"https:\/\/parafiajozwikow.pl\/index.php\/wp-json\/wp\/v2\/posts\/1158\/revisions\/1162"}],"wp:attachment":[{"href":"https:\/\/parafiajozwikow.pl\/index.php\/wp-json\/wp\/v2\/media?parent=1158"}],"wp:term":[{"taxonomy":"category","embeddable":true,"href":"https:\/\/parafiajozwikow.pl\/index.php\/wp-json\/wp\/v2\/categories?post=1158"},{"taxonomy":"post_tag","embeddable":true,"href":"https:\/\/parafiajozwikow.pl\/index.php\/wp-json\/wp\/v2\/tags?post=1158"}],"curies":[{"name":"wp","href":"https:\/\/api.w.org\/{rel}","templated":true}]}}