{"id":1102,"date":"2023-10-07T18:22:09","date_gmt":"2023-10-07T18:22:09","guid":{"rendered":"https:\/\/parafiajozwikow.pl\/?p=1102"},"modified":"2023-10-07T18:24:41","modified_gmt":"2023-10-07T18:24:41","slug":"ogloszenia-08-pazdziernik-2023-rok","status":"publish","type":"post","link":"https:\/\/parafiajozwikow.pl\/index.php\/2023\/10\/07\/ogloszenia-08-pazdziernik-2023-rok\/","title":{"rendered":"Og\u0142oszenia 08 pa\u017adziernik 2023 rok"},"content":{"rendered":"\t\t<div data-elementor-type=\"wp-post\" data-elementor-id=\"1102\" class=\"elementor elementor-1102\">\n\t\t\t\t\t\t<section class=\"elementor-section elementor-top-section elementor-element elementor-element-74c56ee elementor-section-boxed elementor-section-height-default elementor-section-height-default\" data-id=\"74c56ee\" data-element_type=\"section\" data-e-type=\"section\">\n\t\t\t\t\t\t<div class=\"elementor-container elementor-column-gap-default\">\n\t\t\t\t\t<div class=\"elementor-column elementor-col-100 elementor-top-column elementor-element elementor-element-7efb220\" data-id=\"7efb220\" data-element_type=\"column\" data-e-type=\"column\">\n\t\t\t<div class=\"elementor-widget-wrap elementor-element-populated\">\n\t\t\t\t\t\t<div class=\"elementor-element elementor-element-940e4f6 elementor-widget-divider--view-line elementor-widget elementor-widget-divider\" data-id=\"940e4f6\" data-element_type=\"widget\" data-e-type=\"widget\" data-widget_type=\"divider.default\">\n\t\t\t\t<div class=\"elementor-widget-container\">\n\t\t\t\t\t\t\t<div class=\"elementor-divider\">\n\t\t\t<span class=\"elementor-divider-separator\">\n\t\t\t\t\t\t<\/span>\n\t\t<\/div>\n\t\t\t\t\t\t<\/div>\n\t\t\t\t<\/div>\n\t\t\t\t<div class=\"elementor-element elementor-element-d78969c elementor-widget elementor-widget-text-editor\" data-id=\"d78969c\" data-element_type=\"widget\" data-e-type=\"widget\" data-widget_type=\"text-editor.default\">\n\t\t\t\t<div class=\"elementor-widget-container\">\n\t\t\t\t\t\t\t\t\t<ol><li><strong>Nabo\u017ce\u0144stwa r\u00f3\u017ca\u0144cowe codziennie o godz. 16:00,<\/strong> potem msza \u015bw. Wzorem lat ubieg\u0142ych ca\u0142a parafia w\u0142\u0105cza si\u0119 w modlitw\u0119 r\u00f3\u017ca\u0144cow\u0105 wg. nast\u0119puj\u0105cego porz\u0105dku. W niedziele r\u00f3\u017caniec<strong> po mszy \u015bw. o 12:00, <\/strong>poprowadz\u0105 <strong>K\u017bR z ca\u0142ej parafii<\/strong>. W poniedzia\u0142ki \u2013 mieszka\u0144cy <strong>J\u00f3\u017awikowa.<\/strong> We wtorki \u2013 mieszka\u0144cy <strong>Gruszki<\/strong>, w \u015brody \u2013 mieszka\u0144cy <strong>Sarbic<\/strong> <em>\/od Dobrzeszowa do krzy\u017c\u00f3wek\/<\/em>, w czwartki \u2013 mieszka\u0144cy <strong>Sarbic <\/strong><em>\/od krzy\u017c\u00f3wek w kierunku Przegr\u00f3d\/<\/em>, w pi\u0105tki \u2013 <strong>kandydaci do bierzmowania z rodzicami<\/strong>, w soboty &#8211; <strong>dzieci komunijne i rocznicowe z rodzicami, ministranci.<\/strong> Wczoraj i dzi\u015b modlitw\u0105 r\u00f3\u017ca\u0144cow\u0105 obejmujemy nasz\u0105 umi\u0142owan\u0105 Ojczyzn\u0119 \u2013 Polsk\u0119. Wczoraj odm\u00f3wili\u015bmy Litani\u0119 Narodu Polskiego, a dzi\u015b odm\u00f3wimy Akt Zawierzenia naszej Ojczyzny Matce Bo\u017cej.<\/li><li><strong>\u00a0<\/strong>Zach\u0119cam do <strong>zamawiania intencji na przysz\u0142y rok, <\/strong>nie odk\u0142adajmy te\u017c na ostatni\u0105 chwil\u0119 wypominek<strong>.<\/strong><\/li><li><strong>\u00a0<\/strong>Za tydzie\u0144 w niedziel\u0119<strong> XXIII Dzie\u0144 Papieski. <\/strong>Zbierane <strong>ofiary do puszki<\/strong> przeznaczymy na stypendia dla student\u00f3w z ma\u0142ych miejscowo\u015bci, skupionych wok\u00f3\u0142 Fundacji <em>,,Dzie\u0142o Nowego Tysi\u0105clecia\u201d,<\/em> kt\u00f3ra powsta\u0142a jako ,,\u017cywy pomnik\u201d wdzi\u0119czno\u015bci \u015bw. Janowi Paw\u0142owi II.<\/li><li>Dzi\u0119kuj\u0119 za sprz\u0105tanie, dekoracj\u0119 ko\u015bcio\u0142a i ofiary na \u015brodki czysto\u015bci po 50z\u0142 rodz. Szczepana Serafina i Marioli Sobala. Za tydzie\u0144 do sprz\u0105tania ko\u015bcio\u0142a prosz\u0119 rodz. Zofii Domaga\u0142y i Haliny Bia\u0142ej <strong>z Sarbic Drugich.<\/strong><\/li><li><strong>\u00a0<\/strong>Ofiar\u0119 na ogrodzenie &#8211; 100z\u0142 z\u0142o\u017cy\u0142 Mieczys\u0142aw Hajduk. B\u00f3g zap\u0142a\u0107.<\/li><li><strong>\u00a0<\/strong>B\u00f3g zap\u0142a\u0107 za dzisiejsze ofiary na <strong>tac\u0119 gospodarcz\u0105.<\/strong><\/li><li><strong>\u00a0<\/strong>Brat Edmund Skrobisz ze Zgromadzenia oo. Franciszkan\u00f3w przekazuje w darze r\u00f3\u017ca\u0144ce, obrazki i ksi\u0105\u017cki religijne. S\u0105 wy\u0142o\u017cone na stoliku za \u0142awkami. Bratu Edmundowi serdecznie dzi\u0119kujemy.<\/li><li><strong>\u00a0<\/strong>10 pa\u017adziernika w Radoszycach bezp\u0142atne komputerowe badanie wzroku. Wi\u0119cej na plakacie.<\/li><li><strong>\u00a0<\/strong>Dzisiaj w <strong><em>,,Go\u015bciu Niedzielnym\u201d <\/em><\/strong>\u00a0polecam artyku\u0142 o biskupie Czes\u0142awie Dominie- patronie chorych na raka oraz o zgorszeniach w Ko\u015bciele- gdzie szuka\u0107 Boga, gdy \u015brodowisko o\u017cywiania wiary staje si\u0119 miejscem zepsucia? Dost\u0119pny jest r\u00f3wnie\u017c <strong><em>,, Go\u015b\u0107 Extra\u201d<\/em><\/strong> w kt\u00f3rym mo\u017cna przeczyta\u0107 m. in. o znaczeniu objawie\u0144 w Ko\u015bciele i o pierwszym w historii ukazaniu si\u0119 Matki Bo\u017cej, o prawdziwej historii R\u00f3\u017ca\u0144ca, fenomenach Medjugorja i Jasnej G\u00f3ry. Zach\u0119cam do lektury. GN -10z\u0142, Go\u015b\u0107 Extra \u2013 14z\u0142<\/li><\/ol><p>\u00a0<\/p><p><em>Wszystkim\u00a0 Parafianom, Sympatykom i Dobrodziejom oraz przyby\u0142ym Go\u015bciom <\/em><em>\u017cycz\u0119\u00a0 radosnego \u015bwi\u0119towania Niedzieli w gronie najbli\u017cszych, <\/em><em>a Solenizantom i Jubilatom zbli\u017caj\u0105cego si\u0119 tygodnia, <\/em><em>obfito\u015bci Bo\u017cych \u0142ask i wszelkiej pomy\u015blno\u015bci.<\/em><\/p><p><strong>SZCZ\u0118\u015a\u0106 BO\u017bE<\/strong><\/p>\t\t\t\t\t\t\t\t<\/div>\n\t\t\t\t<\/div>\n\t\t\t\t\t<\/div>\n\t\t<\/div>\n\t\t\t\t\t<\/div>\n\t\t<\/section>\n\t\t\t\t<\/div>\n\t\t","protected":false},"excerpt":{"rendered":"<p>Nabo\u017ce\u0144stwa r\u00f3\u017ca\u0144cowe codziennie o godz. 16:00, potem msza \u015bw. Wzorem lat ubieg\u0142ych ca\u0142a parafia w\u0142\u0105cza si\u0119 w modlitw\u0119 r\u00f3\u017ca\u0144cow\u0105 wg. nast\u0119puj\u0105cego porz\u0105dku. W niedziele r\u00f3\u017caniec po mszy \u015bw. o 12:00, poprowadz\u0105 K\u017bR z ca\u0142ej parafii. W poniedzia\u0142ki \u2013 mieszka\u0144cy J\u00f3\u017awikowa. We wtorki \u2013 mieszka\u0144cy Gruszki, w \u015brody \u2013 mieszka\u0144cy Sarbic \/od Dobrzeszowa do krzy\u017c\u00f3wek\/, w [&hellip;]<\/p>\n","protected":false},"author":1,"featured_media":0,"comment_status":"closed","ping_status":"open","sticky":false,"template":"","format":"standard","meta":{"site-sidebar-layout":"default","site-content-layout":"","ast-site-content-layout":"default","site-content-style":"default","site-sidebar-style":"default","ast-global-header-display":"","ast-banner-title-visibility":"","ast-main-header-display":"","ast-hfb-above-header-display":"","ast-hfb-below-header-display":"","ast-hfb-mobile-header-display":"","site-post-title":"","ast-breadcrumbs-content":"","ast-featured-img":"","footer-sml-layout":"","ast-disable-related-posts":"","theme-transparent-header-meta":"","adv-header-id-meta":"","stick-header-meta":"","header-above-stick-meta":"","header-main-stick-meta":"","header-below-stick-meta":"","astra-migrate-meta-layouts":"set","ast-page-background-enabled":"default","ast-page-background-meta":{"desktop":{"background-color":"var(--ast-global-color-4)","background-image":"","background-repeat":"repeat","background-position":"center center","background-size":"auto","background-attachment":"scroll","background-type":"","background-media":"","overlay-type":"","overlay-color":"","overlay-opacity":"","overlay-gradient":""},"tablet":{"background-color":"","background-image":"","background-repeat":"repeat","background-position":"center center","background-size":"auto","background-attachment":"scroll","background-type":"","background-media":"","overlay-type":"","overlay-color":"","overlay-opacity":"","overlay-gradient":""},"mobile":{"background-color":"","background-image":"","background-repeat":"repeat","background-position":"center center","background-size":"auto","background-attachment":"scroll","background-type":"","background-media":"","overlay-type":"","overlay-color":"","overlay-opacity":"","overlay-gradient":""}},"ast-content-background-meta":{"desktop":{"background-color":"var(--ast-global-color-5)","background-image":"","background-repeat":"repeat","background-position":"center center","background-size":"auto","background-attachment":"scroll","background-type":"","background-media":"","overlay-type":"","overlay-color":"","overlay-opacity":"","overlay-gradient":""},"tablet":{"background-color":"var(--ast-global-color-5)","background-image":"","background-repeat":"repeat","background-position":"center center","background-size":"auto","background-attachment":"scroll","background-type":"","background-media":"","overlay-type":"","overlay-color":"","overlay-opacity":"","overlay-gradient":""},"mobile":{"background-color":"var(--ast-global-color-5)","background-image":"","background-repeat":"repeat","background-position":"center center","background-size":"auto","background-attachment":"scroll","background-type":"","background-media":"","overlay-type":"","overlay-color":"","overlay-opacity":"","overlay-gradient":""}},"footnotes":""},"categories":[6],"tags":[],"class_list":["post-1102","post","type-post","status-publish","format-standard","hentry","category-ogloszenia"],"yoast_head":"<!-- This site is optimized with the Yoast SEO plugin v27.4 - https:\/\/yoast.com\/product\/yoast-seo-wordpress\/ -->\n<title>Og\u0142oszenia 08 pa\u017adziernik 2023 rok - Parafia pw. MB Nieustaj\u0105cej Pomocy w J\u00f3\u017awikowie<\/title>\n<meta name=\"robots\" content=\"index, follow, max-snippet:-1, max-image-preview:large, max-video-preview:-1\" \/>\n<link rel=\"canonical\" href=\"https:\/\/parafiajozwikow.pl\/index.php\/2023\/10\/07\/ogloszenia-08-pazdziernik-2023-rok\/\" \/>\n<meta property=\"og:locale\" content=\"pl_PL\" \/>\n<meta property=\"og:type\" content=\"article\" \/>\n<meta property=\"og:title\" content=\"Og\u0142oszenia 08 pa\u017adziernik 2023 rok - Parafia pw. MB Nieustaj\u0105cej Pomocy w J\u00f3\u017awikowie\" \/>\n<meta property=\"og:description\" content=\"Nabo\u017ce\u0144stwa r\u00f3\u017ca\u0144cowe codziennie o godz. 16:00, potem msza \u015bw. Wzorem lat ubieg\u0142ych ca\u0142a parafia w\u0142\u0105cza si\u0119 w modlitw\u0119 r\u00f3\u017ca\u0144cow\u0105 wg. nast\u0119puj\u0105cego porz\u0105dku. W niedziele r\u00f3\u017caniec po mszy \u015bw. o 12:00, poprowadz\u0105 K\u017bR z ca\u0142ej parafii. W poniedzia\u0142ki \u2013 mieszka\u0144cy J\u00f3\u017awikowa. We wtorki \u2013 mieszka\u0144cy Gruszki, w \u015brody \u2013 mieszka\u0144cy Sarbic \/od Dobrzeszowa do krzy\u017c\u00f3wek\/, w [&hellip;]\" \/>\n<meta property=\"og:url\" content=\"https:\/\/parafiajozwikow.pl\/index.php\/2023\/10\/07\/ogloszenia-08-pazdziernik-2023-rok\/\" \/>\n<meta property=\"og:site_name\" content=\"Parafia pw. MB Nieustaj\u0105cej Pomocy w J\u00f3\u017awikowie\" \/>\n<meta property=\"article:published_time\" content=\"2023-10-07T18:22:09+00:00\" \/>\n<meta property=\"article:modified_time\" content=\"2023-10-07T18:24:41+00:00\" \/>\n<meta name=\"author\" content=\"Parafia31\" \/>\n<meta name=\"twitter:card\" content=\"summary_large_image\" \/>\n<meta name=\"twitter:label1\" content=\"Napisane przez\" \/>\n\t<meta name=\"twitter:data1\" content=\"Parafia31\" \/>\n\t<meta name=\"twitter:label2\" content=\"Szacowany czas czytania\" \/>\n\t<meta name=\"twitter:data2\" content=\"3 minuty\" \/>\n<script type=\"application\/ld+json\" class=\"yoast-schema-graph\">{\"@context\":\"https:\\\/\\\/schema.org\",\"@graph\":[{\"@type\":\"Article\",\"@id\":\"https:\\\/\\\/parafiajozwikow.pl\\\/index.php\\\/2023\\\/10\\\/07\\\/ogloszenia-08-pazdziernik-2023-rok\\\/#article\",\"isPartOf\":{\"@id\":\"https:\\\/\\\/parafiajozwikow.pl\\\/index.php\\\/2023\\\/10\\\/07\\\/ogloszenia-08-pazdziernik-2023-rok\\\/\"},\"author\":{\"name\":\"Parafia31\",\"@id\":\"https:\\\/\\\/parafiajozwikow.pl\\\/#\\\/schema\\\/person\\\/e7f3d7fb6e7074647ae54aa7c502ab68\"},\"headline\":\"Og\u0142oszenia 08 pa\u017adziernik 2023 rok\",\"datePublished\":\"2023-10-07T18:22:09+00:00\",\"dateModified\":\"2023-10-07T18:24:41+00:00\",\"mainEntityOfPage\":{\"@id\":\"https:\\\/\\\/parafiajozwikow.pl\\\/index.php\\\/2023\\\/10\\\/07\\\/ogloszenia-08-pazdziernik-2023-rok\\\/\"},\"wordCount\":439,\"articleSection\":[\"Og\u0142oszenia\"],\"inLanguage\":\"pl-PL\"},{\"@type\":\"WebPage\",\"@id\":\"https:\\\/\\\/parafiajozwikow.pl\\\/index.php\\\/2023\\\/10\\\/07\\\/ogloszenia-08-pazdziernik-2023-rok\\\/\",\"url\":\"https:\\\/\\\/parafiajozwikow.pl\\\/index.php\\\/2023\\\/10\\\/07\\\/ogloszenia-08-pazdziernik-2023-rok\\\/\",\"name\":\"Og\u0142oszenia 08 pa\u017adziernik 2023 rok - Parafia pw. MB Nieustaj\u0105cej Pomocy w J\u00f3\u017awikowie\",\"isPartOf\":{\"@id\":\"https:\\\/\\\/parafiajozwikow.pl\\\/#website\"},\"datePublished\":\"2023-10-07T18:22:09+00:00\",\"dateModified\":\"2023-10-07T18:24:41+00:00\",\"author\":{\"@id\":\"https:\\\/\\\/parafiajozwikow.pl\\\/#\\\/schema\\\/person\\\/e7f3d7fb6e7074647ae54aa7c502ab68\"},\"breadcrumb\":{\"@id\":\"https:\\\/\\\/parafiajozwikow.pl\\\/index.php\\\/2023\\\/10\\\/07\\\/ogloszenia-08-pazdziernik-2023-rok\\\/#breadcrumb\"},\"inLanguage\":\"pl-PL\",\"potentialAction\":[{\"@type\":\"ReadAction\",\"target\":[\"https:\\\/\\\/parafiajozwikow.pl\\\/index.php\\\/2023\\\/10\\\/07\\\/ogloszenia-08-pazdziernik-2023-rok\\\/\"]}]},{\"@type\":\"BreadcrumbList\",\"@id\":\"https:\\\/\\\/parafiajozwikow.pl\\\/index.php\\\/2023\\\/10\\\/07\\\/ogloszenia-08-pazdziernik-2023-rok\\\/#breadcrumb\",\"itemListElement\":[{\"@type\":\"ListItem\",\"position\":1,\"name\":\"Strona g\u0142\u00f3wna\",\"item\":\"https:\\\/\\\/parafiajozwikow.pl\\\/\"},{\"@type\":\"ListItem\",\"position\":2,\"name\":\"Og\u0142oszenia 08 pa\u017adziernik 2023 rok\"}]},{\"@type\":\"WebSite\",\"@id\":\"https:\\\/\\\/parafiajozwikow.pl\\\/#website\",\"url\":\"https:\\\/\\\/parafiajozwikow.pl\\\/\",\"name\":\"Parafia pw. MB Nieustaj\u0105cej Pomocy w J\u00f3\u017awikowie\",\"description\":\"\",\"potentialAction\":[{\"@type\":\"SearchAction\",\"target\":{\"@type\":\"EntryPoint\",\"urlTemplate\":\"https:\\\/\\\/parafiajozwikow.pl\\\/?s={search_term_string}\"},\"query-input\":{\"@type\":\"PropertyValueSpecification\",\"valueRequired\":true,\"valueName\":\"search_term_string\"}}],\"inLanguage\":\"pl-PL\"},{\"@type\":\"Person\",\"@id\":\"https:\\\/\\\/parafiajozwikow.pl\\\/#\\\/schema\\\/person\\\/e7f3d7fb6e7074647ae54aa7c502ab68\",\"name\":\"Parafia31\",\"image\":{\"@type\":\"ImageObject\",\"inLanguage\":\"pl-PL\",\"@id\":\"https:\\\/\\\/secure.gravatar.com\\\/avatar\\\/c037a6915792c85653487888df401463264c2c5701ceb484fd9c9f363c7d9964?s=96&d=mm&r=g\",\"url\":\"https:\\\/\\\/secure.gravatar.com\\\/avatar\\\/c037a6915792c85653487888df401463264c2c5701ceb484fd9c9f363c7d9964?s=96&d=mm&r=g\",\"contentUrl\":\"https:\\\/\\\/secure.gravatar.com\\\/avatar\\\/c037a6915792c85653487888df401463264c2c5701ceb484fd9c9f363c7d9964?s=96&d=mm&r=g\",\"caption\":\"Parafia31\"},\"sameAs\":[\"http:\\\/\\\/parafiajozwikow.pl\"],\"url\":\"https:\\\/\\\/parafiajozwikow.pl\\\/index.php\\\/author\\\/parafia31\\\/\"}]}<\/script>\n<!-- \/ Yoast SEO plugin. -->","yoast_head_json":{"title":"Og\u0142oszenia 08 pa\u017adziernik 2023 rok - Parafia pw. MB Nieustaj\u0105cej Pomocy w J\u00f3\u017awikowie","robots":{"index":"index","follow":"follow","max-snippet":"max-snippet:-1","max-image-preview":"max-image-preview:large","max-video-preview":"max-video-preview:-1"},"canonical":"https:\/\/parafiajozwikow.pl\/index.php\/2023\/10\/07\/ogloszenia-08-pazdziernik-2023-rok\/","og_locale":"pl_PL","og_type":"article","og_title":"Og\u0142oszenia 08 pa\u017adziernik 2023 rok - Parafia pw. MB Nieustaj\u0105cej Pomocy w J\u00f3\u017awikowie","og_description":"Nabo\u017ce\u0144stwa r\u00f3\u017ca\u0144cowe codziennie o godz. 16:00, potem msza \u015bw. Wzorem lat ubieg\u0142ych ca\u0142a parafia w\u0142\u0105cza si\u0119 w modlitw\u0119 r\u00f3\u017ca\u0144cow\u0105 wg. nast\u0119puj\u0105cego porz\u0105dku. W niedziele r\u00f3\u017caniec po mszy \u015bw. o 12:00, poprowadz\u0105 K\u017bR z ca\u0142ej parafii. W poniedzia\u0142ki \u2013 mieszka\u0144cy J\u00f3\u017awikowa. We wtorki \u2013 mieszka\u0144cy Gruszki, w \u015brody \u2013 mieszka\u0144cy Sarbic \/od Dobrzeszowa do krzy\u017c\u00f3wek\/, w [&hellip;]","og_url":"https:\/\/parafiajozwikow.pl\/index.php\/2023\/10\/07\/ogloszenia-08-pazdziernik-2023-rok\/","og_site_name":"Parafia pw. MB Nieustaj\u0105cej Pomocy w J\u00f3\u017awikowie","article_published_time":"2023-10-07T18:22:09+00:00","article_modified_time":"2023-10-07T18:24:41+00:00","author":"Parafia31","twitter_card":"summary_large_image","twitter_misc":{"Napisane przez":"Parafia31","Szacowany czas czytania":"3 minuty"},"schema":{"@context":"https:\/\/schema.org","@graph":[{"@type":"Article","@id":"https:\/\/parafiajozwikow.pl\/index.php\/2023\/10\/07\/ogloszenia-08-pazdziernik-2023-rok\/#article","isPartOf":{"@id":"https:\/\/parafiajozwikow.pl\/index.php\/2023\/10\/07\/ogloszenia-08-pazdziernik-2023-rok\/"},"author":{"name":"Parafia31","@id":"https:\/\/parafiajozwikow.pl\/#\/schema\/person\/e7f3d7fb6e7074647ae54aa7c502ab68"},"headline":"Og\u0142oszenia 08 pa\u017adziernik 2023 rok","datePublished":"2023-10-07T18:22:09+00:00","dateModified":"2023-10-07T18:24:41+00:00","mainEntityOfPage":{"@id":"https:\/\/parafiajozwikow.pl\/index.php\/2023\/10\/07\/ogloszenia-08-pazdziernik-2023-rok\/"},"wordCount":439,"articleSection":["Og\u0142oszenia"],"inLanguage":"pl-PL"},{"@type":"WebPage","@id":"https:\/\/parafiajozwikow.pl\/index.php\/2023\/10\/07\/ogloszenia-08-pazdziernik-2023-rok\/","url":"https:\/\/parafiajozwikow.pl\/index.php\/2023\/10\/07\/ogloszenia-08-pazdziernik-2023-rok\/","name":"Og\u0142oszenia 08 pa\u017adziernik 2023 rok - Parafia pw. MB Nieustaj\u0105cej Pomocy w J\u00f3\u017awikowie","isPartOf":{"@id":"https:\/\/parafiajozwikow.pl\/#website"},"datePublished":"2023-10-07T18:22:09+00:00","dateModified":"2023-10-07T18:24:41+00:00","author":{"@id":"https:\/\/parafiajozwikow.pl\/#\/schema\/person\/e7f3d7fb6e7074647ae54aa7c502ab68"},"breadcrumb":{"@id":"https:\/\/parafiajozwikow.pl\/index.php\/2023\/10\/07\/ogloszenia-08-pazdziernik-2023-rok\/#breadcrumb"},"inLanguage":"pl-PL","potentialAction":[{"@type":"ReadAction","target":["https:\/\/parafiajozwikow.pl\/index.php\/2023\/10\/07\/ogloszenia-08-pazdziernik-2023-rok\/"]}]},{"@type":"BreadcrumbList","@id":"https:\/\/parafiajozwikow.pl\/index.php\/2023\/10\/07\/ogloszenia-08-pazdziernik-2023-rok\/#breadcrumb","itemListElement":[{"@type":"ListItem","position":1,"name":"Strona g\u0142\u00f3wna","item":"https:\/\/parafiajozwikow.pl\/"},{"@type":"ListItem","position":2,"name":"Og\u0142oszenia 08 pa\u017adziernik 2023 rok"}]},{"@type":"WebSite","@id":"https:\/\/parafiajozwikow.pl\/#website","url":"https:\/\/parafiajozwikow.pl\/","name":"Parafia pw. MB Nieustaj\u0105cej Pomocy w J\u00f3\u017awikowie","description":"","potentialAction":[{"@type":"SearchAction","target":{"@type":"EntryPoint","urlTemplate":"https:\/\/parafiajozwikow.pl\/?s={search_term_string}"},"query-input":{"@type":"PropertyValueSpecification","valueRequired":true,"valueName":"search_term_string"}}],"inLanguage":"pl-PL"},{"@type":"Person","@id":"https:\/\/parafiajozwikow.pl\/#\/schema\/person\/e7f3d7fb6e7074647ae54aa7c502ab68","name":"Parafia31","image":{"@type":"ImageObject","inLanguage":"pl-PL","@id":"https:\/\/secure.gravatar.com\/avatar\/c037a6915792c85653487888df401463264c2c5701ceb484fd9c9f363c7d9964?s=96&d=mm&r=g","url":"https:\/\/secure.gravatar.com\/avatar\/c037a6915792c85653487888df401463264c2c5701ceb484fd9c9f363c7d9964?s=96&d=mm&r=g","contentUrl":"https:\/\/secure.gravatar.com\/avatar\/c037a6915792c85653487888df401463264c2c5701ceb484fd9c9f363c7d9964?s=96&d=mm&r=g","caption":"Parafia31"},"sameAs":["http:\/\/parafiajozwikow.pl"],"url":"https:\/\/parafiajozwikow.pl\/index.php\/author\/parafia31\/"}]}},"_links":{"self":[{"href":"https:\/\/parafiajozwikow.pl\/index.php\/wp-json\/wp\/v2\/posts\/1102","targetHints":{"allow":["GET"]}}],"collection":[{"href":"https:\/\/parafiajozwikow.pl\/index.php\/wp-json\/wp\/v2\/posts"}],"about":[{"href":"https:\/\/parafiajozwikow.pl\/index.php\/wp-json\/wp\/v2\/types\/post"}],"author":[{"embeddable":true,"href":"https:\/\/parafiajozwikow.pl\/index.php\/wp-json\/wp\/v2\/users\/1"}],"replies":[{"embeddable":true,"href":"https:\/\/parafiajozwikow.pl\/index.php\/wp-json\/wp\/v2\/comments?post=1102"}],"version-history":[{"count":4,"href":"https:\/\/parafiajozwikow.pl\/index.php\/wp-json\/wp\/v2\/posts\/1102\/revisions"}],"predecessor-version":[{"id":1106,"href":"https:\/\/parafiajozwikow.pl\/index.php\/wp-json\/wp\/v2\/posts\/1102\/revisions\/1106"}],"wp:attachment":[{"href":"https:\/\/parafiajozwikow.pl\/index.php\/wp-json\/wp\/v2\/media?parent=1102"}],"wp:term":[{"taxonomy":"category","embeddable":true,"href":"https:\/\/parafiajozwikow.pl\/index.php\/wp-json\/wp\/v2\/categories?post=1102"},{"taxonomy":"post_tag","embeddable":true,"href":"https:\/\/parafiajozwikow.pl\/index.php\/wp-json\/wp\/v2\/tags?post=1102"}],"curies":[{"name":"wp","href":"https:\/\/api.w.org\/{rel}","templated":true}]}}